{"id":15800,"date":"2021-05-20T12:16:45","date_gmt":"2021-05-20T12:16:45","guid":{"rendered":"https:\/\/oparanews.com.br\/?p=15800"},"modified":"2021-05-20T12:16:45","modified_gmt":"2021-05-20T12:16:45","slug":"brasil-ve-ritmo-de-vacinacao-cair-17-em-maio","status":"publish","type":"post","link":"https:\/\/www.oparanews.com.br\/index.php\/2021\/05\/20\/brasil-ve-ritmo-de-vacinacao-cair-17-em-maio\/","title":{"rendered":"Brasil v\u00ea ritmo de vacina\u00e7\u00e3o cair 17% em maio"},"content":{"rendered":"<p>A vacina\u00e7\u00e3o contra a covid-19 no Brasil desacelerou em maio. De acordo com c\u00e1lculo do UOL feito com base nos dados levantados pelo cons\u00f3rcio da imprensa, o pa\u00eds tem registrado menos aplica\u00e7\u00f5es de doses na m\u00e9dia di\u00e1ria neste m\u00eas do que em abril. E, com o iminente &#8220;apag\u00e3o de doses&#8221; por causa de atrasos envolvendo a chegada de insumos para produ\u00e7\u00e3o dos imunizantes, a situa\u00e7\u00e3o n\u00e3o deve melhorar.<\/p>\n<p>At\u00e9 18 de maio, em m\u00e9dia, o pa\u00eds vacinou cerca de 681 mil pessoas por dia contra o novo coronav\u00edrus no m\u00eas. O n\u00famero representa uma queda de 17% em rela\u00e7\u00e3o a abril. No quarto m\u00eas do ano, a m\u00e9dia foi de cerca de 822 mil pessoas recebendo a primeira ou a segunda dose por dia. O Brasil tem capacidade para vacinar cerca de 2,4 milh\u00f5es de pessoas por dia, mas faltam imunizantes.<\/p>\n<p>Para o presidente do Conass (Conselho Nacional dos Secret\u00e1rios de Sa\u00fade), Carlos Lula, o dado gera preocupa\u00e7\u00e3o em um cen\u00e1rio com atrasos na entrega do insumo para produ\u00e7\u00e3o das vacinas e, consequentemente, na entrega das doses. &#8220;A gente vai ter uma diminui\u00e7\u00e3o nesses n\u00fameros para patamares ainda menores. Vamos ter entrega do minist\u00e9rio nesta semana e n\u00e3o sabemos quando vai ter a pr\u00f3xima&#8221;, diz. &#8220;E era para a gente estar acelerando o processo de vacina\u00e7\u00e3o.&#8221;<\/p>\n<p>&nbsp;<\/p>\n<p><strong>Fonte: UOL<\/strong><\/p>\n<p>&nbsp;<\/p>\n","protected":false},"excerpt":{"rendered":"<p>A vacina\u00e7\u00e3o contra a covid-19 no Brasil desacelerou em maio. De acordo com c\u00e1lculo do UOL feito com base nos dados levantados pelo cons\u00f3rcio da imprensa, o pa\u00eds tem registrado menos aplica\u00e7\u00f5es de doses na m\u00e9dia di\u00e1ria neste m\u00eas do que em abril. E, com o iminente &#8220;apag\u00e3o de doses&#8221; por causa de atrasos envolvendo &hellip;<\/p>\n","protected":false},"author":1,"featured_media":15801,"comment_status":"closed","ping_status":"closed","sticky":false,"template":"","format":"standard","meta":{"_jetpack_newsletter_access":"","_jetpack_dont_email_post_to_subs":false,"_jetpack_newsletter_tier_id":0,"_jetpack_memberships_contains_paywalled_content":false,"_jetpack_memberships_contains_paid_content":false,"footnotes":""},"categories":[1],"tags":[],"class_list":["post-15800","post","type-post","status-publish","format-standard","has-post-thumbnail","hentry","category-destaque"],"jetpack_sharing_enabled":true,"jetpack_featured_media_url":"","_links":{"self":[{"href":"https:\/\/www.oparanews.com.br\/index.php\/wp-json\/wp\/v2\/posts\/15800","targetHints":{"allow":["GET"]}}],"collection":[{"href":"https:\/\/www.oparanews.com.br\/index.php\/wp-json\/wp\/v2\/posts"}],"about":[{"href":"https:\/\/www.oparanews.com.br\/index.php\/wp-json\/wp\/v2\/types\/post"}],"author":[{"embeddable":true,"href":"https:\/\/www.oparanews.com.br\/index.php\/wp-json\/wp\/v2\/users\/1"}],"replies":[{"embeddable":true,"href":"https:\/\/www.oparanews.com.br\/index.php\/wp-json\/wp\/v2\/comments?post=15800"}],"version-history":[{"count":0,"href":"https:\/\/www.oparanews.com.br\/index.php\/wp-json\/wp\/v2\/posts\/15800\/revisions"}],"wp:attachment":[{"href":"https:\/\/www.oparanews.com.br\/index.php\/wp-json\/wp\/v2\/media?parent=15800"}],"wp:term":[{"taxonomy":"category","embeddable":true,"href":"https:\/\/www.oparanews.com.br\/index.php\/wp-json\/wp\/v2\/categories?post=15800"},{"taxonomy":"post_tag","embeddable":true,"href":"https:\/\/www.oparanews.com.br\/index.php\/wp-json\/wp\/v2\/tags?post=15800"}],"curies":[{"name":"wp","href":"https:\/\/api.w.org\/{rel}","templated":true}]}}