{"id":15806,"date":"2021-05-20T19:25:00","date_gmt":"2021-05-20T19:25:00","guid":{"rendered":"https:\/\/oparanews.com.br\/?p=15806"},"modified":"2021-05-20T19:25:00","modified_gmt":"2021-05-20T19:25:00","slug":"prefeito-ronaldo-lopes-sanciona-homenagem-a-alexandre-toledo","status":"publish","type":"post","link":"https:\/\/www.oparanews.com.br\/index.php\/2021\/05\/20\/prefeito-ronaldo-lopes-sanciona-homenagem-a-alexandre-toledo\/","title":{"rendered":"Prefeito Ronaldo Lopes sanciona homenagem a Alexandre Toledo"},"content":{"rendered":"<p>O Prefeito Ronaldo Lopes assinou a Lei Municipal n\u00b0 1.722\/2021 que oficializa homenagem da C\u00e2mara Municipal de Penedo ao ex-prefeito Alexandre Toledo, que faleceu recentemente em decorr\u00eancia de Covid-19.<\/p>\n<p>A partir da publica\u00e7\u00e3o no Di\u00e1rio Oficial do Munic\u00edpio, a Avenida Beira Rio e a \u00e1rea urbanizada situada \u00e0s margens do Rio S\u00e3o Francisco ser\u00e3o denominadas Avenida Alexandre de Melo Toledo e Espa\u00e7o de Cultura e Lazer Alexandre de Melo Toledo.<\/p>\n<p>O projeto de lei sancionado \u00e9 de autoria do vereador Valdinho Monteiro, parlamentar presente na solenidade realizada nesta quarta-feira, 19.<\/p>\n<p>O presidente da C\u00e2mara Municipal de Penedo, vereador J\u00fanior do T\u00f3 tamb\u00e9m prestigiou a solenidade que contou ainda com a presen\u00e7a de Alana Toledo, filha do homenageado, e Walner Peixoto, cunhado de Alexandre Toledo.<\/p>\n<p>\u201cEste projeto \u00e9 um reconhecimento importante e uma homenagem muito justa a Alexandre Toledo, que tanto contribuiu com nossa cidade\u201d, declarou Ronaldo Lopes, relembrando o legado do empres\u00e1rio e pol\u00edtico.<\/p>\n<p>Por iniciativa da gest\u00e3o Crescendo Com Seu Povo, o ex-prefeito de Penedo tamb\u00e9m ter\u00e1 seu nome identificando a Unidade B\u00e1sica de Sa\u00fade (UBS) que est\u00e1 sendo constru\u00edda no conjunto residencial Mata Atl\u00e2ntica.<\/p>\n<p>&nbsp;<\/p>\n<p><strong>Por Isabela Lucena \u2013 Assessoria Gapre PMP<\/strong><\/p>\n<p>&nbsp;<\/p>\n","protected":false},"excerpt":{"rendered":"<p>O Prefeito Ronaldo Lopes assinou a Lei Municipal n\u00b0 1.722\/2021 que oficializa homenagem da C\u00e2mara Municipal de Penedo ao ex-prefeito Alexandre Toledo, que faleceu recentemente em decorr\u00eancia de Covid-19. A partir da publica\u00e7\u00e3o no Di\u00e1rio Oficial do Munic\u00edpio, a Avenida Beira Rio e a \u00e1rea urbanizada situada \u00e0s margens do Rio S\u00e3o Francisco ser\u00e3o denominadas &hellip;<\/p>\n","protected":false},"author":1,"featured_media":15807,"comment_status":"closed","ping_status":"closed","sticky":false,"template":"","format":"standard","meta":{"_jetpack_newsletter_access":"","_jetpack_dont_email_post_to_subs":false,"_jetpack_newsletter_tier_id":0,"_jetpack_memberships_contains_paywalled_content":false,"_jetpack_memberships_contains_paid_content":false,"footnotes":""},"categories":[1],"tags":[],"class_list":["post-15806","post","type-post","status-publish","format-standard","has-post-thumbnail","hentry","category-destaque"],"jetpack_sharing_enabled":true,"jetpack_featured_media_url":"","_links":{"self":[{"href":"https:\/\/www.oparanews.com.br\/index.php\/wp-json\/wp\/v2\/posts\/15806","targetHints":{"allow":["GET"]}}],"collection":[{"href":"https:\/\/www.oparanews.com.br\/index.php\/wp-json\/wp\/v2\/posts"}],"about":[{"href":"https:\/\/www.oparanews.com.br\/index.php\/wp-json\/wp\/v2\/types\/post"}],"author":[{"embeddable":true,"href":"https:\/\/www.oparanews.com.br\/index.php\/wp-json\/wp\/v2\/users\/1"}],"replies":[{"embeddable":true,"href":"https:\/\/www.oparanews.com.br\/index.php\/wp-json\/wp\/v2\/comments?post=15806"}],"version-history":[{"count":0,"href":"https:\/\/www.oparanews.com.br\/index.php\/wp-json\/wp\/v2\/posts\/15806\/revisions"}],"wp:attachment":[{"href":"https:\/\/www.oparanews.com.br\/index.php\/wp-json\/wp\/v2\/media?parent=15806"}],"wp:term":[{"taxonomy":"category","embeddable":true,"href":"https:\/\/www.oparanews.com.br\/index.php\/wp-json\/wp\/v2\/categories?post=15806"},{"taxonomy":"post_tag","embeddable":true,"href":"https:\/\/www.oparanews.com.br\/index.php\/wp-json\/wp\/v2\/tags?post=15806"}],"curies":[{"name":"wp","href":"https:\/\/api.w.org\/{rel}","templated":true}]}}