{"id":15812,"date":"2021-05-20T19:31:42","date_gmt":"2021-05-20T19:31:42","guid":{"rendered":"https:\/\/oparanews.com.br\/?p=15812"},"modified":"2021-05-20T19:31:42","modified_gmt":"2021-05-20T19:31:42","slug":"neymar-e-vacinado-contra-a-covid-19","status":"publish","type":"post","link":"https:\/\/www.oparanews.com.br\/index.php\/2021\/05\/20\/neymar-e-vacinado-contra-a-covid-19\/","title":{"rendered":"Neymar \u00e9 vacinado contra a Covid-19"},"content":{"rendered":"<p>Neymar Jr. recebeu a primeira dose da vacina contra a Covid-19 na manh\u00e3 desta quinta-feira (20). No Instagram, o craque celebrou a oportunidade.<\/p>\n<p>&#8220;Depois de tanta espera, chegou a minha vez. Que felicidade&#8230; Espero que tudo volte ao normal o mais r\u00e1pido poss\u00edvel e que n\u00e3o s\u00f3 o meu pa\u00eds BRASIL mas o mundo inteiro possa estar vacinado&#8221;.<\/p>\n<p><strong>Homenagem a funkeiro<\/strong><\/p>\n<p>Nesta quarta-feira (19), o jogador chamou aten\u00e7\u00e3o ao prestar homenagem, ap\u00f3s jogo pelo Paris Saint Germain, para MC Kevin, que morreu no \u00faltimo domingo (16) ap\u00f3s cair da varanda do quinto andar de um hotel na Barra da Tijuca, Zona Oeste do Rio.<\/p>\n<p>Ap\u00f3s a conquista do PSG pela Copa da Fran\u00e7a nesta quarta, o jogador brasileiro exibiu uma camisa com o nome e a foto do funkeiro. &#8220;A\u00ed, senhores! O moleque que encantou a quebrada. Descanse em paz, menino&#8221;, disse o atleta, que estava suspenso e n\u00e3o jogou a partida em que o clube parisiense venceu o Monaco por 2 a 0.<\/p>\n<p>Ap\u00f3s a morte do artista, Neymar publicou uma conversa que eles tiveram marcando um encontro e lamentou a perda. &#8220;Sem acreditar, 23 anos! Moleque, juro que n\u00e3o sei o que dizer&#8230; S\u00f3 agradecer pelo carinho que teve por mim, tattoo, camisa, fotos, quadros, chuteiras, camisetas e etc. T\u00ednhamos combinado de nos conhecer agora nas minhas f\u00e9rias, mas infelizmente n\u00e3o poderemos. Tenho certeza que ainda te abra\u00e7arei e te agradecerei por confiar em mim, na pessoa que eu sou. V\u00e1 em paz, menino&#8221;, escreveu ele pelo Instagram.<\/p>\n<p>&nbsp;<\/p>\n<p><strong>Fonte: Quem<\/strong><\/p>\n<p>&nbsp;<\/p>\n","protected":false},"excerpt":{"rendered":"<p>Neymar Jr. recebeu a primeira dose da vacina contra a Covid-19 na manh\u00e3 desta quinta-feira (20). No Instagram, o craque celebrou a oportunidade. &#8220;Depois de tanta espera, chegou a minha vez. Que felicidade&#8230; Espero que tudo volte ao normal o mais r\u00e1pido poss\u00edvel e que n\u00e3o s\u00f3 o meu pa\u00eds BRASIL mas o mundo inteiro &hellip;<\/p>\n","protected":false},"author":1,"featured_media":15813,"comment_status":"closed","ping_status":"closed","sticky":false,"template":"","format":"standard","meta":{"_jetpack_newsletter_access":"","_jetpack_dont_email_post_to_subs":false,"_jetpack_newsletter_tier_id":0,"_jetpack_memberships_contains_paywalled_content":false,"_jetpack_memberships_contains_paid_content":false,"footnotes":""},"categories":[1],"tags":[],"class_list":["post-15812","post","type-post","status-publish","format-standard","has-post-thumbnail","hentry","category-destaque"],"jetpack_sharing_enabled":true,"jetpack_featured_media_url":"","_links":{"self":[{"href":"https:\/\/www.oparanews.com.br\/index.php\/wp-json\/wp\/v2\/posts\/15812","targetHints":{"allow":["GET"]}}],"collection":[{"href":"https:\/\/www.oparanews.com.br\/index.php\/wp-json\/wp\/v2\/posts"}],"about":[{"href":"https:\/\/www.oparanews.com.br\/index.php\/wp-json\/wp\/v2\/types\/post"}],"author":[{"embeddable":true,"href":"https:\/\/www.oparanews.com.br\/index.php\/wp-json\/wp\/v2\/users\/1"}],"replies":[{"embeddable":true,"href":"https:\/\/www.oparanews.com.br\/index.php\/wp-json\/wp\/v2\/comments?post=15812"}],"version-history":[{"count":0,"href":"https:\/\/www.oparanews.com.br\/index.php\/wp-json\/wp\/v2\/posts\/15812\/revisions"}],"wp:attachment":[{"href":"https:\/\/www.oparanews.com.br\/index.php\/wp-json\/wp\/v2\/media?parent=15812"}],"wp:term":[{"taxonomy":"category","embeddable":true,"href":"https:\/\/www.oparanews.com.br\/index.php\/wp-json\/wp\/v2\/categories?post=15812"},{"taxonomy":"post_tag","embeddable":true,"href":"https:\/\/www.oparanews.com.br\/index.php\/wp-json\/wp\/v2\/tags?post=15812"}],"curies":[{"name":"wp","href":"https:\/\/api.w.org\/{rel}","templated":true}]}}