{"id":15821,"date":"2021-05-20T19:38:14","date_gmt":"2021-05-20T19:38:14","guid":{"rendered":"https:\/\/oparanews.com.br\/?p=15821"},"modified":"2021-05-20T19:38:14","modified_gmt":"2021-05-20T19:38:14","slug":"gremio-prepara-contrato-de-douglas-costa","status":"publish","type":"post","link":"https:\/\/www.oparanews.com.br\/index.php\/2021\/05\/20\/gremio-prepara-contrato-de-douglas-costa\/","title":{"rendered":"Gr\u00eamio prepara contrato de Douglas Costa"},"content":{"rendered":"<p>O an\u00fancio da contrata\u00e7\u00e3o de Douglas Costa pelo Gr\u00eamio \u00e9 apenas quest\u00e3o de tempo. As pend\u00eancias que faltavam para a libera\u00e7\u00e3o da Juventus foram resolvidas, e o clube ga\u00facho j\u00e1 est\u00e1 redigindo o contrato do atacante.<\/p>\n<p>O acordo com o clube italiano foi costurado pelo estafe do jogador nas \u00faltimas horas. Douglas Costa ser\u00e1 emprestado ao Gr\u00eamio por um ano, at\u00e9 julho de 2022, e ter\u00e1 o contrato renovado automaticamente at\u00e9 o fim de 2023.<\/p>\n<p>Conforme apurado pelo ge, o Gr\u00eamio descarta anunciar a contrata\u00e7\u00e3o nesta quinta-feira, por quest\u00f5es burocr\u00e1ticas. Mas mant\u00e9m a confian\u00e7a em acertar tudo para registrar o jogador dentro do prazo.<\/p>\n<p>O clube j\u00e1 at\u00e9 manteve contatos com a CBF e iniciou o processo. Todos os tr\u00e2mites precisam ser finalizados at\u00e9 \u00e0s 23h59 de Bras\u00edlia do pr\u00f3ximo domingo, dia 23, quando fecha a janela de transfer\u00eancias para a entrada de jogadores no Brasil.<\/p>\n<p>Entre Gr\u00eamio e Douglas Costa j\u00e1 est\u00e1 tudo acertado desde a semana passada \u2013 o jogador at\u00e9 j\u00e1 postou foto com a camisa do clube em redes sociais. Nesta quinta-feira, ele fez mais uma postagem enigm\u00e1tica no Twitter.<\/p>\n<p>O atacante de 30 anos volta ao clube 11 anos depois de rumar \u00e0 Europa. Em 2010, ele foi vendido ao Shakhtar Donetsk, da Ucr\u00e2nia, por cerca \u20ac 6 milh\u00f5es (R$ 14,9 milh\u00f5es, \u00e0 \u00e9poca), al\u00e9m de uma fatia em uma futura venda. No Velho Continente, passou ainda por Bayern de Munique e Juventus.<\/p>\n<p>&nbsp;<\/p>\n<p><strong>Fonte: GE<\/strong><\/p>\n<p>&nbsp;<\/p>\n","protected":false},"excerpt":{"rendered":"<p>O an\u00fancio da contrata\u00e7\u00e3o de Douglas Costa pelo Gr\u00eamio \u00e9 apenas quest\u00e3o de tempo. As pend\u00eancias que faltavam para a libera\u00e7\u00e3o da Juventus foram resolvidas, e o clube ga\u00facho j\u00e1 est\u00e1 redigindo o contrato do atacante. O acordo com o clube italiano foi costurado pelo estafe do jogador nas \u00faltimas horas. Douglas Costa ser\u00e1 emprestado &hellip;<\/p>\n","protected":false},"author":1,"featured_media":15822,"comment_status":"closed","ping_status":"closed","sticky":false,"template":"","format":"standard","meta":{"_jetpack_newsletter_access":"","_jetpack_dont_email_post_to_subs":false,"_jetpack_newsletter_tier_id":0,"_jetpack_memberships_contains_paywalled_content":false,"_jetpack_memberships_contains_paid_content":false,"footnotes":""},"categories":[1],"tags":[],"class_list":["post-15821","post","type-post","status-publish","format-standard","has-post-thumbnail","hentry","category-destaque"],"jetpack_sharing_enabled":true,"jetpack_featured_media_url":"","_links":{"self":[{"href":"https:\/\/www.oparanews.com.br\/index.php\/wp-json\/wp\/v2\/posts\/15821","targetHints":{"allow":["GET"]}}],"collection":[{"href":"https:\/\/www.oparanews.com.br\/index.php\/wp-json\/wp\/v2\/posts"}],"about":[{"href":"https:\/\/www.oparanews.com.br\/index.php\/wp-json\/wp\/v2\/types\/post"}],"author":[{"embeddable":true,"href":"https:\/\/www.oparanews.com.br\/index.php\/wp-json\/wp\/v2\/users\/1"}],"replies":[{"embeddable":true,"href":"https:\/\/www.oparanews.com.br\/index.php\/wp-json\/wp\/v2\/comments?post=15821"}],"version-history":[{"count":0,"href":"https:\/\/www.oparanews.com.br\/index.php\/wp-json\/wp\/v2\/posts\/15821\/revisions"}],"wp:attachment":[{"href":"https:\/\/www.oparanews.com.br\/index.php\/wp-json\/wp\/v2\/media?parent=15821"}],"wp:term":[{"taxonomy":"category","embeddable":true,"href":"https:\/\/www.oparanews.com.br\/index.php\/wp-json\/wp\/v2\/categories?post=15821"},{"taxonomy":"post_tag","embeddable":true,"href":"https:\/\/www.oparanews.com.br\/index.php\/wp-json\/wp\/v2\/tags?post=15821"}],"curies":[{"name":"wp","href":"https:\/\/api.w.org\/{rel}","templated":true}]}}