{"id":15824,"date":"2021-05-20T19:43:28","date_gmt":"2021-05-20T19:43:28","guid":{"rendered":"https:\/\/oparanews.com.br\/?p=15824"},"modified":"2021-05-20T19:43:28","modified_gmt":"2021-05-20T19:43:28","slug":"asa-e-cse-disputam-seletiva-para-a-copa-do-brasil-de-2022","status":"publish","type":"post","link":"https:\/\/www.oparanews.com.br\/index.php\/2021\/05\/20\/asa-e-cse-disputam-seletiva-para-a-copa-do-brasil-de-2022\/","title":{"rendered":"ASA e CSE disputam seletiva para a Copa do Brasil de 2022"},"content":{"rendered":"<p>Vivendo uma lua de mel com a torcida, o CSE ter\u00e1 mais uma decis\u00e3o pela frente e podendo fazer hist\u00f3ria novamente. Com a conquista do terceiro lugar do Alagoano, o Tricolorido ganhou o direito de disputar com o ASA a seletiva para a Copa do Brasil de 2022. Na manh\u00e3 desta quinta (20), a Federa\u00e7\u00e3o Alagoana de Futebol (FAF) sorteou os mandos de campo das partidas de ida e volta desta seletiva.<\/p>\n<p>No pr\u00f3ximo domingo (23), o CSE recebe o ASA, no Est\u00e1dio Juca Sampaio, \u00e0s 16h. A volta ser\u00e1 disputada na pr\u00f3xima quarta (26), tamb\u00e9m \u00e0s 16h, no Est\u00e1dio Coaracy da Mata Fonseca, o Fumeir\u00e3o, em Arapiraca.<\/p>\n<p>Nesta decis\u00e3o, n\u00e3o h\u00e1 vantagem do empate. Em caso de igualdade no placar agregado ap\u00f3s os dois jogos, a vaga ser\u00e1 decidida nos p\u00eanaltis.<\/p>\n<p>A seletiva para a Copa do Brasil re\u00fane o campe\u00e3o da Copa Alagoas e o terceiro colocado do Alagoano. Como campe\u00e3o da Copa Alagoas, o ASA j\u00e1 tinha se garantido na S\u00e9rie D de 2022. A outra vaga ficou com o CSE, que disputar\u00e1 pela primeira vez uma competi\u00e7\u00e3o nacional em sua hist\u00f3ria.<\/p>\n<p>&nbsp;<\/p>\n<p><strong>Fonte: Gazetaweb<\/strong><\/p>\n<p>&nbsp;<\/p>\n","protected":false},"excerpt":{"rendered":"<p>Vivendo uma lua de mel com a torcida, o CSE ter\u00e1 mais uma decis\u00e3o pela frente e podendo fazer hist\u00f3ria novamente. Com a conquista do terceiro lugar do Alagoano, o Tricolorido ganhou o direito de disputar com o ASA a seletiva para a Copa do Brasil de 2022. Na manh\u00e3 desta quinta (20), a Federa\u00e7\u00e3o &hellip;<\/p>\n","protected":false},"author":1,"featured_media":15825,"comment_status":"closed","ping_status":"closed","sticky":false,"template":"","format":"standard","meta":{"_jetpack_newsletter_access":"","_jetpack_dont_email_post_to_subs":false,"_jetpack_newsletter_tier_id":0,"_jetpack_memberships_contains_paywalled_content":false,"_jetpack_memberships_contains_paid_content":false,"footnotes":""},"categories":[1],"tags":[],"class_list":["post-15824","post","type-post","status-publish","format-standard","has-post-thumbnail","hentry","category-destaque"],"jetpack_sharing_enabled":true,"jetpack_featured_media_url":"","_links":{"self":[{"href":"https:\/\/www.oparanews.com.br\/index.php\/wp-json\/wp\/v2\/posts\/15824","targetHints":{"allow":["GET"]}}],"collection":[{"href":"https:\/\/www.oparanews.com.br\/index.php\/wp-json\/wp\/v2\/posts"}],"about":[{"href":"https:\/\/www.oparanews.com.br\/index.php\/wp-json\/wp\/v2\/types\/post"}],"author":[{"embeddable":true,"href":"https:\/\/www.oparanews.com.br\/index.php\/wp-json\/wp\/v2\/users\/1"}],"replies":[{"embeddable":true,"href":"https:\/\/www.oparanews.com.br\/index.php\/wp-json\/wp\/v2\/comments?post=15824"}],"version-history":[{"count":0,"href":"https:\/\/www.oparanews.com.br\/index.php\/wp-json\/wp\/v2\/posts\/15824\/revisions"}],"wp:attachment":[{"href":"https:\/\/www.oparanews.com.br\/index.php\/wp-json\/wp\/v2\/media?parent=15824"}],"wp:term":[{"taxonomy":"category","embeddable":true,"href":"https:\/\/www.oparanews.com.br\/index.php\/wp-json\/wp\/v2\/categories?post=15824"},{"taxonomy":"post_tag","embeddable":true,"href":"https:\/\/www.oparanews.com.br\/index.php\/wp-json\/wp\/v2\/tags?post=15824"}],"curies":[{"name":"wp","href":"https:\/\/api.w.org\/{rel}","templated":true}]}}