{"id":15836,"date":"2021-05-21T13:45:24","date_gmt":"2021-05-21T13:45:24","guid":{"rendered":"https:\/\/oparanews.com.br\/?p=15836"},"modified":"2021-05-21T13:45:24","modified_gmt":"2021-05-21T13:45:24","slug":"vereador-dr-epson-agradece-a-aprovacao-de-projeto-de-lei-de-sua-autoria","status":"publish","type":"post","link":"https:\/\/www.oparanews.com.br\/index.php\/2021\/05\/21\/vereador-dr-epson-agradece-a-aprovacao-de-projeto-de-lei-de-sua-autoria\/","title":{"rendered":"Vereador Dr. Epson agradece a aprova\u00e7\u00e3o de Projeto de Lei de sua autoria"},"content":{"rendered":"<p>A C\u00e2mara Municipal de Penedo aprovou nesta quinta-feira, 20, o Projeto de Lei de autoria do Vereador Dr. Epson (Epson Valente Costa) que institui a distribui\u00e7\u00e3o gratuita de absorventes \u00edntimos femininos nos postos de sa\u00fade e escolas p\u00fablicas.<\/p>\n<p>\u201c\u00c9 uma quest\u00e3o de sa\u00fade p\u00fablica\u201d, frisou o Dr. Epson no seu agradecimento aos parlamentares que aprovaram, por unanimidade, a mat\u00e9ria de amplo alcance social, direcionada para mulheres, jovens e adolescentes de baixa renda.<\/p>\n<p>O p\u00fablico-alvo da a\u00e7\u00e3o parlamentar tem maior risco de desenvolver infec\u00e7\u00f5es no seu sistema reprodutor por uso de material inadequado para conter o fluxo menstrual, problemas que podem causar inclusive infertilidade.<\/p>\n<p>Al\u00e9m de agradecer a aprova\u00e7\u00e3o da mat\u00e9ria que segue para san\u00e7\u00e3o ou veto do Poder Executivo, o vereador Dr. Epson requer a inclus\u00e3o de motoristas do transporte coletivo, mototaxistas, taxistas e condutores de van na campanha de vacina\u00e7\u00e3o contra Covid.<\/p>\n<p>&nbsp;<\/p>\n<p><strong>Fonte: Assessoria<\/strong><\/p>\n<p>&nbsp;<\/p>\n","protected":false},"excerpt":{"rendered":"<p>A C\u00e2mara Municipal de Penedo aprovou nesta quinta-feira, 20, o Projeto de Lei de autoria do Vereador Dr. Epson (Epson Valente Costa) que institui a distribui\u00e7\u00e3o gratuita de absorventes \u00edntimos femininos nos postos de sa\u00fade e escolas p\u00fablicas. \u201c\u00c9 uma quest\u00e3o de sa\u00fade p\u00fablica\u201d, frisou o Dr. Epson no seu agradecimento aos parlamentares que aprovaram, &hellip;<\/p>\n","protected":false},"author":1,"featured_media":15837,"comment_status":"closed","ping_status":"closed","sticky":false,"template":"","format":"standard","meta":{"_jetpack_newsletter_access":"","_jetpack_dont_email_post_to_subs":false,"_jetpack_newsletter_tier_id":0,"_jetpack_memberships_contains_paywalled_content":false,"_jetpack_memberships_contains_paid_content":false,"footnotes":""},"categories":[1],"tags":[],"class_list":["post-15836","post","type-post","status-publish","format-standard","has-post-thumbnail","hentry","category-destaque"],"jetpack_sharing_enabled":true,"jetpack_featured_media_url":"","_links":{"self":[{"href":"https:\/\/www.oparanews.com.br\/index.php\/wp-json\/wp\/v2\/posts\/15836","targetHints":{"allow":["GET"]}}],"collection":[{"href":"https:\/\/www.oparanews.com.br\/index.php\/wp-json\/wp\/v2\/posts"}],"about":[{"href":"https:\/\/www.oparanews.com.br\/index.php\/wp-json\/wp\/v2\/types\/post"}],"author":[{"embeddable":true,"href":"https:\/\/www.oparanews.com.br\/index.php\/wp-json\/wp\/v2\/users\/1"}],"replies":[{"embeddable":true,"href":"https:\/\/www.oparanews.com.br\/index.php\/wp-json\/wp\/v2\/comments?post=15836"}],"version-history":[{"count":0,"href":"https:\/\/www.oparanews.com.br\/index.php\/wp-json\/wp\/v2\/posts\/15836\/revisions"}],"wp:attachment":[{"href":"https:\/\/www.oparanews.com.br\/index.php\/wp-json\/wp\/v2\/media?parent=15836"}],"wp:term":[{"taxonomy":"category","embeddable":true,"href":"https:\/\/www.oparanews.com.br\/index.php\/wp-json\/wp\/v2\/categories?post=15836"},{"taxonomy":"post_tag","embeddable":true,"href":"https:\/\/www.oparanews.com.br\/index.php\/wp-json\/wp\/v2\/tags?post=15836"}],"curies":[{"name":"wp","href":"https:\/\/api.w.org\/{rel}","templated":true}]}}