{"id":15839,"date":"2021-05-21T13:46:29","date_gmt":"2021-05-21T13:46:29","guid":{"rendered":"https:\/\/oparanews.com.br\/?p=15839"},"modified":"2021-05-21T13:46:29","modified_gmt":"2021-05-21T13:46:29","slug":"vereador-irmao-joao-requer-creche-para-atender-bairro-santa-isabel-e-comunidades-proximas","status":"publish","type":"post","link":"https:\/\/www.oparanews.com.br\/index.php\/2021\/05\/21\/vereador-irmao-joao-requer-creche-para-atender-bairro-santa-isabel-e-comunidades-proximas\/","title":{"rendered":"Vereador Irm\u00e3o Jo\u00e3o requer creche para atender bairro Santa Isabel e comunidades pr\u00f3ximas"},"content":{"rendered":"<p>O Vereador Irm\u00e3o Jo\u00e3o (Jo\u00e3o Ferreira da Silva) requer do poder p\u00fablico municipal a constru\u00e7\u00e3o de uma creche no bairro Santa Isabel, popular Cacimbinhas.<\/p>\n<p>O investimento em Educa\u00e7\u00e3o Infantil que tamb\u00e9m viabiliza a disponibilidade para m\u00e3es de crian\u00e7as trabalharem fora de casa foi encaminhado durante a sess\u00e3o desta quinta-feira, 20.<\/p>\n<p>Al\u00e9m de atender os moradores do bairro onde a creche dever\u00e1 ser constru\u00edda, a unidade de assist\u00eancia social e educa\u00e7\u00e3o tamb\u00e9m servir\u00e1 para fam\u00edlias que residem nas localidades Litoral, Campo Redondo e Matadouro, como o bairro Santa Cec\u00edlia \u00e9 conhecido.<\/p>\n<p>O Vereador Irm\u00e3o tamb\u00e9m requer pavimenta\u00e7\u00e3o do acesso e da principal via p\u00fablica do Campo Redondo.<\/p>\n<p>&nbsp;<\/p>\n<p><strong>Fonte: Assessoria<\/strong><\/p>\n<p>&nbsp;<\/p>\n","protected":false},"excerpt":{"rendered":"<p>O Vereador Irm\u00e3o Jo\u00e3o (Jo\u00e3o Ferreira da Silva) requer do poder p\u00fablico municipal a constru\u00e7\u00e3o de uma creche no bairro Santa Isabel, popular Cacimbinhas. O investimento em Educa\u00e7\u00e3o Infantil que tamb\u00e9m viabiliza a disponibilidade para m\u00e3es de crian\u00e7as trabalharem fora de casa foi encaminhado durante a sess\u00e3o desta quinta-feira, 20. Al\u00e9m de atender os moradores &hellip;<\/p>\n","protected":false},"author":1,"featured_media":15840,"comment_status":"closed","ping_status":"closed","sticky":false,"template":"","format":"standard","meta":{"_jetpack_newsletter_access":"","_jetpack_dont_email_post_to_subs":false,"_jetpack_newsletter_tier_id":0,"_jetpack_memberships_contains_paywalled_content":false,"_jetpack_memberships_contains_paid_content":false,"footnotes":""},"categories":[1],"tags":[],"class_list":["post-15839","post","type-post","status-publish","format-standard","has-post-thumbnail","hentry","category-destaque"],"jetpack_sharing_enabled":true,"jetpack_featured_media_url":"","_links":{"self":[{"href":"https:\/\/www.oparanews.com.br\/index.php\/wp-json\/wp\/v2\/posts\/15839","targetHints":{"allow":["GET"]}}],"collection":[{"href":"https:\/\/www.oparanews.com.br\/index.php\/wp-json\/wp\/v2\/posts"}],"about":[{"href":"https:\/\/www.oparanews.com.br\/index.php\/wp-json\/wp\/v2\/types\/post"}],"author":[{"embeddable":true,"href":"https:\/\/www.oparanews.com.br\/index.php\/wp-json\/wp\/v2\/users\/1"}],"replies":[{"embeddable":true,"href":"https:\/\/www.oparanews.com.br\/index.php\/wp-json\/wp\/v2\/comments?post=15839"}],"version-history":[{"count":0,"href":"https:\/\/www.oparanews.com.br\/index.php\/wp-json\/wp\/v2\/posts\/15839\/revisions"}],"wp:attachment":[{"href":"https:\/\/www.oparanews.com.br\/index.php\/wp-json\/wp\/v2\/media?parent=15839"}],"wp:term":[{"taxonomy":"category","embeddable":true,"href":"https:\/\/www.oparanews.com.br\/index.php\/wp-json\/wp\/v2\/categories?post=15839"},{"taxonomy":"post_tag","embeddable":true,"href":"https:\/\/www.oparanews.com.br\/index.php\/wp-json\/wp\/v2\/tags?post=15839"}],"curies":[{"name":"wp","href":"https:\/\/api.w.org\/{rel}","templated":true}]}}