{"id":15842,"date":"2021-05-21T13:52:04","date_gmt":"2021-05-21T13:52:04","guid":{"rendered":"https:\/\/oparanews.com.br\/?p=15842"},"modified":"2021-05-21T13:52:04","modified_gmt":"2021-05-21T13:52:04","slug":"governo-de-alagoas-lanca-edital-com-300-vagas-de-policial-penal","status":"publish","type":"post","link":"https:\/\/www.oparanews.com.br\/index.php\/2021\/05\/21\/governo-de-alagoas-lanca-edital-com-300-vagas-de-policial-penal\/","title":{"rendered":"Governo de Alagoas lan\u00e7a edital com 300 vagas de policial penal"},"content":{"rendered":"<p>Quem vai participar do concurso da Pol\u00edcia Penal j\u00e1 pode dar um g\u00e1s a mais nos estudos. \u00c9 que o Governo de Alagoas, por meio da Secretaria do Planejamento, Gest\u00e3o e Patrim\u00f4nio (Seplag), lan\u00e7ou, nesta sexta-feira (21), o edital do certame que prev\u00ea 300 vagas para a \u00e1rea no Estado. O documento est\u00e1 dispon\u00edvel no Di\u00e1rio Oficial e tamb\u00e9m pode ser conferido no site da Seplag, basta <a href=\"http:\/\/seplag.al.gov.br\/concursos-editais\"><strong>clicar aqui<\/strong><\/a>.<\/p>\n<p>De acordo com o edital, que \u00e9 voltado para o provimento de cargos na Secretaria de Ressocializa\u00e7\u00e3o e Inclus\u00e3o Social (Seris), as provas objetivas acontecem no dia 22 de agosto e ter\u00e3o 3h30 de dura\u00e7\u00e3o. No dia, os candidatos devem estar preparados para responder quest\u00f5es de conhecimentos gerais, complementares e espec\u00edficas da \u00e1rea.<\/p>\n<p>Organizado pelo Centro Brasileiro de Pesquisa em Avalia\u00e7\u00e3o e Sele\u00e7\u00e3o e de Promo\u00e7\u00e3o de Eventos (Cebraspe), o concurso para o cargo de policial penal (antigo agente penitenci\u00e1rio) tem sal\u00e1rio inicial de R$ 3.800,00 e \u00e9 voltado para aqueles que possuem n\u00edvel superior.<\/p>\n<p>\u201cAlagoas tem feito o dever de casa e a cria\u00e7\u00e3o desse grande ciclo de concursos \u00e9 uma prova disso. O certame para os futuros policiais penais do Estado \u00e9 um dos que temos muito orgulho em entregar e vai fortalecer o trabalho j\u00e1 desenvolvido pela Seris. Nosso estado passou por muitas transforma\u00e7\u00f5es nesses \u00faltimos anos e, com o ingresso dos novos servidores, n\u00e3o temos d\u00favidas de que vamos alcan\u00e7ar resultados ainda mais positivos\u201d, pontua o secret\u00e1rio titular da Seplag, Fabr\u00edcio Marques Santos.<\/p>\n<p><strong>Inscri\u00e7\u00f5es<\/strong><\/p>\n<p>Ainda conforme a publica\u00e7\u00e3o, as inscri\u00e7\u00f5es para o certame, que acontecem exclusivamente no site do Cebraspe, se iniciam \u00e0s 10h da pr\u00f3xima sexta-feira (28) e se encerram \u00e0s 18h do dia 02 de julho, hor\u00e1rio de Bras\u00edlia. Os candidatos que v\u00e3o participar do concurso pagam uma taxa no valor de R$ 95,00.<\/p>\n<p>&nbsp;<\/p>\n<p><strong>Fonte: Ag\u00eancia Alagoas<\/strong><\/p>\n<p>&nbsp;<\/p>\n","protected":false},"excerpt":{"rendered":"<p>Quem vai participar do concurso da Pol\u00edcia Penal j\u00e1 pode dar um g\u00e1s a mais nos estudos. \u00c9 que o Governo de Alagoas, por meio da Secretaria do Planejamento, Gest\u00e3o e Patrim\u00f4nio (Seplag), lan\u00e7ou, nesta sexta-feira (21), o edital do certame que prev\u00ea 300 vagas para a \u00e1rea no Estado. O documento est\u00e1 dispon\u00edvel no &hellip;<\/p>\n","protected":false},"author":1,"featured_media":15843,"comment_status":"closed","ping_status":"closed","sticky":false,"template":"","format":"standard","meta":{"_jetpack_newsletter_access":"","_jetpack_dont_email_post_to_subs":false,"_jetpack_newsletter_tier_id":0,"_jetpack_memberships_contains_paywalled_content":false,"_jetpack_memberships_contains_paid_content":false,"footnotes":""},"categories":[1],"tags":[],"class_list":["post-15842","post","type-post","status-publish","format-standard","has-post-thumbnail","hentry","category-destaque"],"jetpack_sharing_enabled":true,"jetpack_featured_media_url":"","_links":{"self":[{"href":"https:\/\/www.oparanews.com.br\/index.php\/wp-json\/wp\/v2\/posts\/15842","targetHints":{"allow":["GET"]}}],"collection":[{"href":"https:\/\/www.oparanews.com.br\/index.php\/wp-json\/wp\/v2\/posts"}],"about":[{"href":"https:\/\/www.oparanews.com.br\/index.php\/wp-json\/wp\/v2\/types\/post"}],"author":[{"embeddable":true,"href":"https:\/\/www.oparanews.com.br\/index.php\/wp-json\/wp\/v2\/users\/1"}],"replies":[{"embeddable":true,"href":"https:\/\/www.oparanews.com.br\/index.php\/wp-json\/wp\/v2\/comments?post=15842"}],"version-history":[{"count":0,"href":"https:\/\/www.oparanews.com.br\/index.php\/wp-json\/wp\/v2\/posts\/15842\/revisions"}],"wp:attachment":[{"href":"https:\/\/www.oparanews.com.br\/index.php\/wp-json\/wp\/v2\/media?parent=15842"}],"wp:term":[{"taxonomy":"category","embeddable":true,"href":"https:\/\/www.oparanews.com.br\/index.php\/wp-json\/wp\/v2\/categories?post=15842"},{"taxonomy":"post_tag","embeddable":true,"href":"https:\/\/www.oparanews.com.br\/index.php\/wp-json\/wp\/v2\/tags?post=15842"}],"curies":[{"name":"wp","href":"https:\/\/api.w.org\/{rel}","templated":true}]}}