{"id":15845,"date":"2021-05-21T13:54:14","date_gmt":"2021-05-21T13:54:14","guid":{"rendered":"https:\/\/oparanews.com.br\/?p=15845"},"modified":"2021-05-21T13:54:14","modified_gmt":"2021-05-21T13:54:14","slug":"penedo-registra-75-novos-casos-da-covid-19-em-24-horas","status":"publish","type":"post","link":"https:\/\/www.oparanews.com.br\/index.php\/2021\/05\/21\/penedo-registra-75-novos-casos-da-covid-19-em-24-horas\/","title":{"rendered":"Penedo registra 75 novos casos da Covid-19 em 24 horas"},"content":{"rendered":"<p>A Secretaria Municipal de Sa\u00fade de Penedo divulgou o Boletim Epidemiol\u00f3gico sobre a pandemia da Covid-19 desta quinta-feira, 20.<\/p>\n<p>Os dados mais recente mostram 3.675 casos confirmados da doen\u00e7a, 75 a mais do que o boletim anterior.<\/p>\n<p>Desse total, 3.244 pessoas j\u00e1 se recuperaram ap\u00f3s passarem pelos cuidados m\u00e9dicos. Al\u00e9m disso, 3.764 casos foram descartados.<\/p>\n<p>Os n\u00fameros desta quinta-feira (20) tamb\u00e9m mostram que a Unidade de Refer\u00eancia em S\u00edndromes Gripais atendeu 185 pessoas.<\/p>\n<p>24 coletas de material para exame PCR-RT, tamb\u00e9m chamado de swab, foram realizadas. 105 casos aguardam resultado desse exame. Al\u00e9m da realiza\u00e7\u00e3o de 59 testes rapidos.<\/p>\n<p>Al\u00e9m disso, 35 pessoas morreram em decorr\u00eancia da pandemia de Covid-19 em Penedo.<\/p>\n<p>A Prefeitura de Penedo informa tamb\u00e9m que a Unidade de S\u00edndromes Gripais localizada na Avenida Wanderlei, nas proximidades do trevo da \u201cToca do \u00cdndio\u201d, est\u00e1 funcionando de segunda a s\u00e1bado, das 7h \u00e0s 17h.<\/p>\n<p>A popula\u00e7\u00e3o deve observar o distanciamento social como medida preventiva, da mesma forma que o uso de m\u00e1scaras e a ado\u00e7\u00e3o de medidas de higiene, a exemplo de lavar corretamente as m\u00e3os e utilizar \u00e1lcool 70%.<\/p>\n<p><strong>Vacin\u00f4metro<\/strong><\/p>\n<p>O total de pessoas imunizadas contra o coronav\u00edrus em Penedo at\u00e9 hoje \u00e9 de 12.713, sendo que 5.611 j\u00e1 receberam a segunda dose da vacina.<\/p>\n<p>&nbsp;<\/p>\n<p><strong>Fonte: Decom &#8211; PMP<\/strong><\/p>\n<p>&nbsp;<\/p>\n","protected":false},"excerpt":{"rendered":"<p>A Secretaria Municipal de Sa\u00fade de Penedo divulgou o Boletim Epidemiol\u00f3gico sobre a pandemia da Covid-19 desta quinta-feira, 20. Os dados mais recente mostram 3.675 casos confirmados da doen\u00e7a, 75 a mais do que o boletim anterior. Desse total, 3.244 pessoas j\u00e1 se recuperaram ap\u00f3s passarem pelos cuidados m\u00e9dicos. Al\u00e9m disso, 3.764 casos foram descartados. &hellip;<\/p>\n","protected":false},"author":1,"featured_media":15846,"comment_status":"closed","ping_status":"closed","sticky":false,"template":"","format":"standard","meta":{"_jetpack_newsletter_access":"","_jetpack_dont_email_post_to_subs":false,"_jetpack_newsletter_tier_id":0,"_jetpack_memberships_contains_paywalled_content":false,"_jetpack_memberships_contains_paid_content":false,"footnotes":""},"categories":[1],"tags":[],"class_list":["post-15845","post","type-post","status-publish","format-standard","has-post-thumbnail","hentry","category-destaque"],"jetpack_sharing_enabled":true,"jetpack_featured_media_url":"","_links":{"self":[{"href":"https:\/\/www.oparanews.com.br\/index.php\/wp-json\/wp\/v2\/posts\/15845","targetHints":{"allow":["GET"]}}],"collection":[{"href":"https:\/\/www.oparanews.com.br\/index.php\/wp-json\/wp\/v2\/posts"}],"about":[{"href":"https:\/\/www.oparanews.com.br\/index.php\/wp-json\/wp\/v2\/types\/post"}],"author":[{"embeddable":true,"href":"https:\/\/www.oparanews.com.br\/index.php\/wp-json\/wp\/v2\/users\/1"}],"replies":[{"embeddable":true,"href":"https:\/\/www.oparanews.com.br\/index.php\/wp-json\/wp\/v2\/comments?post=15845"}],"version-history":[{"count":0,"href":"https:\/\/www.oparanews.com.br\/index.php\/wp-json\/wp\/v2\/posts\/15845\/revisions"}],"wp:attachment":[{"href":"https:\/\/www.oparanews.com.br\/index.php\/wp-json\/wp\/v2\/media?parent=15845"}],"wp:term":[{"taxonomy":"category","embeddable":true,"href":"https:\/\/www.oparanews.com.br\/index.php\/wp-json\/wp\/v2\/categories?post=15845"},{"taxonomy":"post_tag","embeddable":true,"href":"https:\/\/www.oparanews.com.br\/index.php\/wp-json\/wp\/v2\/tags?post=15845"}],"curies":[{"name":"wp","href":"https:\/\/api.w.org\/{rel}","templated":true}]}}