{"id":15851,"date":"2021-05-21T14:00:33","date_gmt":"2021-05-21T14:00:33","guid":{"rendered":"https:\/\/oparanews.com.br\/?p=15851"},"modified":"2021-05-21T14:00:33","modified_gmt":"2021-05-21T14:00:33","slug":"gabinete-das-trevas-orientou-bolsonaro-diz-renan-calheiros","status":"publish","type":"post","link":"https:\/\/www.oparanews.com.br\/index.php\/2021\/05\/21\/gabinete-das-trevas-orientou-bolsonaro-diz-renan-calheiros\/","title":{"rendered":"Gabinete das trevas orientou Bolsonaro, diz Renan Calheiros"},"content":{"rendered":"<p>Depois de um longo per\u00edodo longe dos holofotes, o senador Renan Calheiros (MDB-AL) voltou a ficar no centro do debate pol\u00edtico. Ao assumir a fun\u00e7\u00e3o de relator da CPI da Covid, ele tem sido um dos respons\u00e1veis por lan\u00e7ar luz \u00e0s flagrantes omiss\u00f5es e a\u00e7\u00f5es criminosas do governo Bolsonaro que levaram o Brasil \u00e0 estarrecedora condi\u00e7\u00e3o de um dos epicentros da pandemia no mundo, com mais de 440 mil mortos. Com suas perguntas certeiras, o senador contribuiu para a revela\u00e7\u00e3o de v\u00e1rias contradi\u00e7\u00f5es do governo, com destaque para as inverdades contadas na comiss\u00e3o pelo ex-ministro Eduardo Pazuello. \u201cO depoimento de Pazuello \u00e9 uma pandemia de contradi\u00e7\u00f5es, mentiras e omiss\u00f5es\u201d, diz. Para ele, Bolsonaro se valeu de um \u201cgabinete das trevas\u201d para tomar medidas err\u00f4neas, que levaram \u00e0 compra de cloroquina ao inv\u00e9s de investir nas vacinas na hora certa. Em entrevista \u00e0 ISTO\u00c9, Calheiros diz que o Brasil n\u00e3o chegou \u00e0 condi\u00e7\u00e3o de epicentro da pandemia \u201cpor acaso ou por flagelo divino\u201d. Para ele, os culpados pela crise ser\u00e3o apontados no seu relat\u00f3rio: \u201cH\u00e1 respons\u00e1veis e culpados por a\u00e7\u00e3o, omiss\u00e3o, des\u00eddia ou incompet\u00eancia. E eles ser\u00e3o responsabilizados\u201d.<\/p>\n<p><strong>O que o senhor achou do depoimento do ex-ministro Pazuello \u00e0 CPI?<\/strong><br \/>\nO depoimento de Pazuello \u00e9 uma pandemia de contradi\u00e7\u00f5es, mentiras e omiss\u00f5es. Mentiras que v\u00e3o da compra da Coronavac ao uso da cloroquina. \u00c9 inacredit\u00e1vel que embora dois ex-ministros (Mandetta e Tecih) tenham afirmado nesta CPI que sofreram press\u00f5es do presidente para o uso da cloroquina, somente ele isenta Bolsonaro das press\u00f5es nesse sentido. H\u00e1 dezenas de v\u00eddeos que mostram a subservi\u00eancia de Pazuello ao presidente. Ele admitiu que a ades\u00e3o \u00e0 Covax Facility para apenas 10% da popula\u00e7\u00e3o, e n\u00e3o de 50% como deveria ter feito, foi uma op\u00e7\u00e3o pessoal dele. Colocou, assim, um pre\u00e7o nas vidas de mais de 440 mil brasileiros mortos, sem justificar o porqu\u00ea dessa atitude.<\/p>\n<p><strong>Ele quis blindar o presidente?<\/strong><br \/>\nHouve um boicote \u00e0 Coronavac. Foi ris\u00edvel o que o ex-ministro respondeu, assegurando que n\u00e3o foi pressionado por Bolsonaro a suspender a assinatura do contrato. O presidente o desautorizou publicamente, inclusive gerando aquela famosa frase de que \u201cum manda e o outro obedece\u201d. O detalhe \u00e9 que todos os momentos nos quais ele faltou com a verdade est\u00e3o comprovados por grava\u00e7\u00f5es e documentos inapag\u00e1veis. Vou juntar ao relat\u00f3rio final da CPI todas as mentiras de Pazuello.<\/p>\n<p><strong>O que a CPI revelou de mais grave at\u00e9 agora?<\/strong><br \/>\nH\u00e1 muitos depoimentos relevantes. Na linha de consolidar o que chamamos de \u201cminist\u00e9rio das sombras\u201d, \u201cdas trevas\u201d ou \u201cminist\u00e9rio da doen\u00e7a\u201d, os depoimentos dos ex-ministros Mandetta e Teich, do atual ministro Marcelo Queiroga e do ex-secret\u00e1rio da Secom, F\u00e1bio Wajngarten, foram muito importantes. Mandetta deu detalhes sobre o \u201caconselhamento paralelo\u201d que havia no governo. E as investiga\u00e7\u00f5es evidenciaram, at\u00e9 agora, que n\u00e3o eram meros conselhos. Eles se materializaram em atos de governo, pol\u00edticas de sa\u00fade em detrimento da estrutura oficial do minist\u00e9rio. Os exemplos s\u00e3o o aumento da produ\u00e7\u00e3o de um medicamento ineficaz contra a Covid e o desprezo \u00e0s vacinas. Queiroga, por exemplo, disse que n\u00e3o foi consultado sobre o tal decreto anunciado pelo presidente contra o isolamento decretado em estados e munic\u00edpios. A presen\u00e7a de F\u00e1bio Wajngarten na negocia\u00e7\u00e3o com a Pfizer \u00e9 outro dado relevante. A participa\u00e7\u00e3o do vereador Carlos Bolsonaro nas conversas tamb\u00e9m surpreendeu. Outro depoimento muito relevante, pelos documentos apresentados, e at\u00e9 pelo seu car\u00e1ter apol\u00edtico, foi dado por Carlos Murillo, gerente da Pfizer.<\/p>\n<p><strong>Carlos Bolsonaro ser\u00e1 convocado a depor?<\/strong><br \/>\nNa medida em que esse gabinete das trevas vai se delineando, a participa\u00e7\u00e3o do vereador Carlos Bolsonaro tem sido recorrente. Em todas as situa\u00e7\u00f5es estrat\u00e9gicas, a digital dele est\u00e1 presente. Na cloroquina, na vacina, no gabinete do \u00f3dio. O pr\u00f3prio Wajngarten foi desmentido pelo CEO da Pfizer, que relatou uma reuni\u00e3o da equipe dele com a participa\u00e7\u00e3o de Carlos Bolsonaro. S\u00f3 aqui no Brasil um vereador e um jornalista comandam uma negocia\u00e7\u00e3o para a compra de vacinas. Cham\u00e1-lo, por ora, n\u00e3o entendo ser uma prioridade.<\/p>\n<p><strong>Qual ser\u00e1 a t\u00f4nica do relat\u00f3rio da CPI?<\/strong><br \/>\nAinda \u00e9 muito prematuro. Temos um longo caminho adiante e muitas frentes de investiga\u00e7\u00e3o abertas. \u00c9 imposs\u00edvel prospectar o que surgir\u00e1 nas oitivas e a partir dos documentos que ser\u00e3o requisitados, sem falar nas eventuais quebras de sigilos j\u00e1 demandadas e as que ainda est\u00e3o por vir. O que j\u00e1 podemos afirmar \u00e9 que milh\u00f5es de mensagens negacionistas e inver\u00eddicas foram apagadas das redes sociais. O Minist\u00e9rio da Sa\u00fade apagou orienta\u00e7\u00f5es para uso da cloroquina. Por isso, relembro o que disse ao ser nomeado relator: o maior m\u00e9rito desta comiss\u00e3o \u00e9 existir, estar instalada e funcionando. Sempre ressaltei que uma das miss\u00f5es da CPI seria funcionar como uma ant\u00edtese ao obscurantismo, como santu\u00e1rio da ci\u00eancia, da vida e da verdade. Este primeiro efeito j\u00e1 conquistamos. Agora, a tarefa \u00e9 identificar e punir os respons\u00e1veis.<\/p>\n<p><strong>J\u00e1 \u00e9 poss\u00edvel responsabilizar algu\u00e9m?<\/strong><br \/>\nN\u00e3o temos voca\u00e7\u00e3o persecut\u00f3ria. A investiga\u00e7\u00e3o \u00e9 complexa, profunda e envolve uma enorme quantidade de atores e frentes. H\u00e1 a quest\u00e3o da cloroquina, priorizada pelo atual governo, h\u00e1 as recorrentes manifesta\u00e7\u00f5es contra o isolamento, contra o uso da m\u00e1scara, o desabastecimento de oxig\u00eanio no Amazonas, o desprezo pelas vacinas e pelos governos estaduais e prefeituras. \u00c9 um trabalho gigantesco para iluminar todos os compartimentos cinzentos envolvendo a pandemia. N\u00e3o foi o acaso ou o flagelo divino que nos trouxe a este quadro. H\u00e1 respons\u00e1veis e culpados por a\u00e7\u00e3o, omiss\u00e3o, des\u00eddia ou incompet\u00eancia. E eles ser\u00e3o responsabilizados.<\/p>\n<p><strong>Qual \u00e9 o peso que o negacionismo de Bolsonaro teve para o Brasil chegar a essa marca tr\u00e1gica de mais de 440 mil mortos?<\/strong><br \/>\nEssa \u00e9 uma conta que precisar\u00e1 ser feita ao final dos trabalhos. At\u00e9 aqui, h\u00e1 dados esclarecedores em rela\u00e7\u00e3o \u00e0 vacina, j\u00e1 que \u00e9 dif\u00edcil quantificar, por exemplo, o quanto os est\u00edmulos pelas aglomera\u00e7\u00f5es contribu\u00edram. O CEO da Pfizer disse, em claro e bom som, que assinada a primeira oferta do laborat\u00f3rio, em agosto de 2020, ter\u00edamos at\u00e9 o final deste semestre um refor\u00e7o de 18,5 milh\u00f5es de doses para o Programa Nacional de Imuniza\u00e7\u00e3o. Mas o governo ignorou essa oferta e demorou meses para fechar o contrato de compra da vacina, a primeira aplicada no mundo, eficaz e segura. Outro hiato relevante foi sobre a vacina do Instituto Butantan. Pazuello anunciou a compra de 46 milh\u00f5es de doses no dia 20 de outubro. No dia seguinte, o presidente assumiu a responsabilidade e disse: \u201cj\u00e1 mandei cancelar\u201d. Palavras dele. At\u00e9 a compra efetiva, no dia 7 de janeiro, foram dois meses e meio e isso aconteceu no momento grav\u00edssimo da pandemia.<\/p>\n<p><strong>O senador Fl\u00e1vio Bolsonaro o chamou de vagabundo e a mesma express\u00e3o foi repetida pelo presidente no dia seguinte em viagem a Alagoas. O que o senhor achou disso?<\/strong><br \/>\nTem um famoso ad\u00e1gio popular que diz: \u201cApelou, perdeu\u201d. O que existe \u00e9 um eloquente destempero do governo e de seus aliados. O senador Fl\u00e1vio Bolsonaro est\u00e1 muito pressionado, mas isso n\u00e3o legitima seus excessos. Ele n\u00e3o \u00e9 integrante da CPI. Esteve l\u00e1 apenas duas vezes com esp\u00edrito extremamente belicoso e agressivo. Na primeira vez, agrediu todas as mulheres brasileiras de maneira deselegante e reprov\u00e1vel. Na segunda apari\u00e7\u00e3o, com uma express\u00e3o assombrada e talvez transtornado pelo p\u00e9ssimo desempenho do ex-colaborador Fabio Wajngarten, ele ofendeu este relator da CPI. S\u00e3o sinais contradit\u00f3rios. Eu mesmo tenho dificuldade em diagnosticar esse transtorno. Inicialmente, o presidente ligou para o governador Renan Filho. Depois, procurou meu amigo, o ex-presidente Sarney, em tentativas de aproxima\u00e7\u00e3o. Paralelamente, come\u00e7ou a atacar a CPI obsessivamente. A pantomima em Alagoas foi um fracasso. Ele foi vaiado, inaugurou obra j\u00e1 inaugurada e n\u00e3o conseguiu completar sua encena\u00e7\u00e3o com desfile de motos.<\/p>\n<p><strong>O senhor chegou a pedir a pris\u00e3o de Wajngarten por ele ter mentido. Por que ele n\u00e3o foi preso?<\/strong><br \/>\nA pris\u00e3o por falso testemunho tem previs\u00e3o no C\u00f3digo Penal. Eu e alguns outros senadores propugnamos pela pris\u00e3o, mas o presidente Omar Aziz entendeu diferentemente e encaminhou o assunto para o MPF. N\u00f3s acatamos essa posi\u00e7\u00e3o, claro. A pris\u00e3o at\u00e9 poderia vitimizar Wajngarten, o dono do trof\u00e9u Pin\u00f3quio. Mentiu tanto que o nariz cresceu em poucas horas, e a m\u00e1scara j\u00e1 n\u00e3o cabia na face. E ele precisava rep\u00f4-la a todo instante. Mas esse \u00e9 um processo que est\u00e1 apenas come\u00e7ando. No af\u00e3 de proteger algu\u00e9m, ele acabou se complicando e negando a entrevista que deu anteriormente. Foi desmentido pelo menos umas quatro vezes com as pr\u00f3prias falas dele, com documentos e grava\u00e7\u00f5es que, obviamente, revelaram ao Pa\u00eds a envergadura moral dele. As campanhas que ele disse ter feito foram contra a ci\u00eancia, entre elas a tal \u201cO Brasil n\u00e3o pode parar\u201d, que foi banida pelo STF. \u00c9 um personagem lateral e insignificante, mas pagar\u00e1 pelo que fez.<\/p>\n<p><strong>Como o senhor avaliou a tentativa de Pazuello em n\u00e3o falar \u00e0 comiss\u00e3o e at\u00e9 usar a AGU para recorrer ao STF?<\/strong><br \/>\nO habeas corpus \u00e9 um instrumento da democracia. Apenas os governos ditatoriais, como o Brasil do AI-5, aboliram o HC. Vale para mim, para o Pazuello e para todos. Isso n\u00e3o representa um \u00f3bice \u00e0s investiga\u00e7\u00f5es. O HC foi parcial, autorizando a testemunha a n\u00e3o produzir provas contra si, o que \u00e9 outra previs\u00e3o constitucional. Foi at\u00e9 ruim para ele, dentro da forma\u00e7\u00e3o militar que tem. De qualquer forma, temos outros caminhos para investigar, al\u00e9m das oitivas. S\u00e3o fartos os documentos do Minist\u00e9rio da Sa\u00fade, muitos deles p\u00fablicos e conhecidos. Temos \u00e0 nossa disposi\u00e7\u00e3o tamb\u00e9m as quebras de sigilos e, claro, os depoimentos de outros depoentes. Agora, o fato de a AGU assinar um pedido em nome da pessoa f\u00edsica do Pazuello \u00e9 realmente uma anomalia, uma jabuticaba jur\u00eddica.<\/p>\n<p>&nbsp;<\/p>\n<p><strong>Fonte: ISTO\u00c9<\/strong><\/p>\n<p>&nbsp;<\/p>\n","protected":false},"excerpt":{"rendered":"<p>Depois de um longo per\u00edodo longe dos holofotes, o senador Renan Calheiros (MDB-AL) voltou a ficar no centro do debate pol\u00edtico. Ao assumir a fun\u00e7\u00e3o de relator da CPI da Covid, ele tem sido um dos respons\u00e1veis por lan\u00e7ar luz \u00e0s flagrantes omiss\u00f5es e a\u00e7\u00f5es criminosas do governo Bolsonaro que levaram o Brasil \u00e0 estarrecedora &hellip;<\/p>\n","protected":false},"author":1,"featured_media":15852,"comment_status":"closed","ping_status":"closed","sticky":false,"template":"","format":"standard","meta":{"_jetpack_newsletter_access":"","_jetpack_dont_email_post_to_subs":false,"_jetpack_newsletter_tier_id":0,"_jetpack_memberships_contains_paywalled_content":false,"_jetpack_memberships_contains_paid_content":false,"footnotes":""},"categories":[1],"tags":[],"class_list":["post-15851","post","type-post","status-publish","format-standard","has-post-thumbnail","hentry","category-destaque"],"jetpack_sharing_enabled":true,"jetpack_featured_media_url":"","_links":{"self":[{"href":"https:\/\/www.oparanews.com.br\/index.php\/wp-json\/wp\/v2\/posts\/15851","targetHints":{"allow":["GET"]}}],"collection":[{"href":"https:\/\/www.oparanews.com.br\/index.php\/wp-json\/wp\/v2\/posts"}],"about":[{"href":"https:\/\/www.oparanews.com.br\/index.php\/wp-json\/wp\/v2\/types\/post"}],"author":[{"embeddable":true,"href":"https:\/\/www.oparanews.com.br\/index.php\/wp-json\/wp\/v2\/users\/1"}],"replies":[{"embeddable":true,"href":"https:\/\/www.oparanews.com.br\/index.php\/wp-json\/wp\/v2\/comments?post=15851"}],"version-history":[{"count":0,"href":"https:\/\/www.oparanews.com.br\/index.php\/wp-json\/wp\/v2\/posts\/15851\/revisions"}],"wp:attachment":[{"href":"https:\/\/www.oparanews.com.br\/index.php\/wp-json\/wp\/v2\/media?parent=15851"}],"wp:term":[{"taxonomy":"category","embeddable":true,"href":"https:\/\/www.oparanews.com.br\/index.php\/wp-json\/wp\/v2\/categories?post=15851"},{"taxonomy":"post_tag","embeddable":true,"href":"https:\/\/www.oparanews.com.br\/index.php\/wp-json\/wp\/v2\/tags?post=15851"}],"curies":[{"name":"wp","href":"https:\/\/api.w.org\/{rel}","templated":true}]}}