{"id":15854,"date":"2021-05-21T14:02:37","date_gmt":"2021-05-21T14:02:37","guid":{"rendered":"https:\/\/oparanews.com.br\/?p=15854"},"modified":"2021-05-21T14:02:37","modified_gmt":"2021-05-21T14:02:37","slug":"recusa-de-renato-gera-lamento-no-corinthians","status":"publish","type":"post","link":"https:\/\/www.oparanews.com.br\/index.php\/2021\/05\/21\/recusa-de-renato-gera-lamento-no-corinthians\/","title":{"rendered":"Recusa de Renato gera lamento no Corinthians"},"content":{"rendered":"<p>A c\u00fapula de futebol do Corinthians estava na Neo Qu\u00edmica Arena quando Renato Ga\u00facho tomou a decis\u00e3o de n\u00e3o aceitar a proposta do clube paulista.<\/p>\n<p>Durante o intervalo da partida contra o Huancayo, o presidente Duilio Monteiro Alves foi comunicado sobre a escolha do t\u00e9cnico.<\/p>\n<p>Obviamente, a frustra\u00e7\u00e3o atingiu os dirigentes. No curso da negocia\u00e7\u00e3o, sempre houve muita cautela e desconfian\u00e7a, principalmente por causa dos temas relacionados a dinheiro, mas Renato aceitou avan\u00e7ar e a conversa chegou a evoluir. Isso elevou o otimismo dentro do clube.<\/p>\n<p>Entretanto, a recusa de Renato n\u00e3o pegou ningu\u00e9m de surpresa no Corinthians. O que houve foi lamenta\u00e7\u00e3o devido a convic\u00e7\u00e3o de que o \u00eddolo gremista seria o nome certo para assumir o time nesse momento.<\/p>\n<p>O entendimento \u00e9 de que Renato tinha todos os atributos necess\u00e1rios para o Corinthians: hist\u00f3rico vitorioso com elencos sem grandes estrelas; reconhecimento por trabalhar bem tanto com jovens quanto com medalh\u00f5es; fama por construir um bom clima para o vesti\u00e1rio; nome de peso; e capacidade t\u00e9cnica para extrair o m\u00e1ximo do elenco \u00e0 disposi\u00e7\u00e3o.<\/p>\n<p>A aus\u00eancia de op\u00e7\u00f5es no mercado brasileiro capaz de gerar a mesma expectativa entre os torcedores refor\u00e7ou o sentimento de lamenta\u00e7\u00e3o.<\/p>\n<p>Apesar de Renato Ga\u00facho ter externado que sua esposa, Maristela, gostaria que ele tirasse um per\u00edodo maior para descansar e ficar com a fam\u00edlia depois de quase seis anos de idas e vindas entre Rio de Janeiro e Porto Alegre, no Corinthians acredita-se que uma oferta salarial mais gorda poderia ter feito a diferen\u00e7a para a quest\u00e3o familiar ser superada.<\/p>\n<p>Nesse ponto, por\u00e9m, n\u00e3o houve lamenta\u00e7\u00e3o. Duilio deixou claro, desde o in\u00edcio, que n\u00e3o poderia ceder, e que faria o que estivesse ao alcance do clube, sem comprometer o planejamento montado muito antes da busca por um novo t\u00e9cnico come\u00e7ar. Nas redes sociais, o reconhecimento de torcedores sobre o posicionamento do presidente corintiano foi considerado importante.<\/p>\n<p>Entre Duilio, Roberto de Andrade e Alessandro Nunes, a sensa\u00e7\u00e3o final \u00e9 de que tudo que poderia ser feito foi feito, e agora \u00e9 preciso olhar para frente.<\/p>\n<p>A sexta-feira ser\u00e1 marcada pela reuni\u00e3o deve definir um novo alvo, com a consci\u00eancia dos dirigentes de que o tempo foi encurtado e ser\u00e1 fundamental acelerar o processo.<\/p>\n<p>&nbsp;<\/p>\n<p><strong>Fonte: Gazeta Esportiva<\/strong><\/p>\n<p>&nbsp;<\/p>\n","protected":false},"excerpt":{"rendered":"<p>A c\u00fapula de futebol do Corinthians estava na Neo Qu\u00edmica Arena quando Renato Ga\u00facho tomou a decis\u00e3o de n\u00e3o aceitar a proposta do clube paulista. Durante o intervalo da partida contra o Huancayo, o presidente Duilio Monteiro Alves foi comunicado sobre a escolha do t\u00e9cnico. Obviamente, a frustra\u00e7\u00e3o atingiu os dirigentes. No curso da negocia\u00e7\u00e3o, &hellip;<\/p>\n","protected":false},"author":1,"featured_media":15855,"comment_status":"closed","ping_status":"closed","sticky":false,"template":"","format":"standard","meta":{"_jetpack_newsletter_access":"","_jetpack_dont_email_post_to_subs":false,"_jetpack_newsletter_tier_id":0,"_jetpack_memberships_contains_paywalled_content":false,"_jetpack_memberships_contains_paid_content":false,"footnotes":""},"categories":[1],"tags":[],"class_list":["post-15854","post","type-post","status-publish","format-standard","has-post-thumbnail","hentry","category-destaque"],"jetpack_sharing_enabled":true,"jetpack_featured_media_url":"","_links":{"self":[{"href":"https:\/\/www.oparanews.com.br\/index.php\/wp-json\/wp\/v2\/posts\/15854","targetHints":{"allow":["GET"]}}],"collection":[{"href":"https:\/\/www.oparanews.com.br\/index.php\/wp-json\/wp\/v2\/posts"}],"about":[{"href":"https:\/\/www.oparanews.com.br\/index.php\/wp-json\/wp\/v2\/types\/post"}],"author":[{"embeddable":true,"href":"https:\/\/www.oparanews.com.br\/index.php\/wp-json\/wp\/v2\/users\/1"}],"replies":[{"embeddable":true,"href":"https:\/\/www.oparanews.com.br\/index.php\/wp-json\/wp\/v2\/comments?post=15854"}],"version-history":[{"count":0,"href":"https:\/\/www.oparanews.com.br\/index.php\/wp-json\/wp\/v2\/posts\/15854\/revisions"}],"wp:attachment":[{"href":"https:\/\/www.oparanews.com.br\/index.php\/wp-json\/wp\/v2\/media?parent=15854"}],"wp:term":[{"taxonomy":"category","embeddable":true,"href":"https:\/\/www.oparanews.com.br\/index.php\/wp-json\/wp\/v2\/categories?post=15854"},{"taxonomy":"post_tag","embeddable":true,"href":"https:\/\/www.oparanews.com.br\/index.php\/wp-json\/wp\/v2\/tags?post=15854"}],"curies":[{"name":"wp","href":"https:\/\/api.w.org\/{rel}","templated":true}]}}