{"id":15860,"date":"2021-05-21T18:59:26","date_gmt":"2021-05-21T18:59:26","guid":{"rendered":"https:\/\/oparanews.com.br\/?p=15860"},"modified":"2021-05-21T18:59:26","modified_gmt":"2021-05-21T18:59:26","slug":"prefeitura-emite-nota-sobre-remocao-de-ambulantes-que-ocupavam-espacos-publicos-irregularmente","status":"publish","type":"post","link":"https:\/\/www.oparanews.com.br\/index.php\/2021\/05\/21\/prefeitura-emite-nota-sobre-remocao-de-ambulantes-que-ocupavam-espacos-publicos-irregularmente\/","title":{"rendered":"Prefeitura emite Nota sobre remo\u00e7\u00e3o de ambulantes que ocupavam espa\u00e7os p\u00fablicos irregularmente"},"content":{"rendered":"<p><strong>Nota Oficial da Prefeitura de Penedo<\/strong><\/p>\n<p>A Prefeitura de Penedo trabalha diuturnamente para o desenvolvimento do munic\u00edpio, compromisso assumido com a popula\u00e7\u00e3o para tornar nossa cidade um lugar cada vez melhor de se viver.<\/p>\n<p>Todas as a\u00e7\u00f5es da gest\u00e3o Crescendo Com Seu Povo s\u00e3o pautadas na legalidade e no respeito \u00e0 igualdade das condi\u00e7\u00f5es de trabalho para todos, sem concess\u00e3o de privil\u00e9gios e nem de tratamento diferenciado para qualquer pessoa.<\/p>\n<p>A regra de impessoalidade que orienta o servi\u00e7o p\u00fablico, em qualquer esfera, ampara o trabalho do funcionalismo municipal.<\/p>\n<p>Nesta sexta-feira, 21, os fiscais do Departamento de Postura da Secretaria Municipal de Desenvolvimento Econ\u00f4mico e Turismo da Prefeitura de Penedo atuaram conforme a lei, sem excessos e nem abuso de autoridade.<\/p>\n<p>A remo\u00e7\u00e3o de ambulantes de espa\u00e7os p\u00fablicos ocupados irregularmente foi precedida por di\u00e1logo direto com os infratores, alguns notificados posteriormente por permanecer na ilegalidade, com oferta de local adequado para o trabalho.<\/p>\n<p>A Prefeitura de Penedo atua com bom senso. N\u00e3o \u00e9 justo que feirantes sejam prejudicados por pessoas do mesmo ramo que insistem em abandonar a banca para comercializar em local proibido.<\/p>\n<p>Tamb\u00e9m n\u00e3o procede que o governo municipal impede o desempenho do com\u00e9rcio nas ruas do Centro Hist\u00f3rico de Penedo. Pelo contr\u00e1rio, a Sedetur est\u00e1 com credenciamento aberto para o exerc\u00edcio do com\u00e9rcio ambulante e atividades eventuais em espa\u00e7os p\u00fablicos.<\/p>\n<p>A gest\u00e3o Crescendo Com Seu Povo repudia o aproveitamento politiqueiro da situa\u00e7\u00e3o e reafirma seu empenho em manter o desenvolvimento de Penedo, com respeito e determina\u00e7\u00e3o para o bem de todos.<\/p>\n<p><strong>Fonte: Decom &#8211; PMP<\/strong><\/p>\n<p>&nbsp;<\/p>\n","protected":false},"excerpt":{"rendered":"<p>Nota Oficial da Prefeitura de Penedo A Prefeitura de Penedo trabalha diuturnamente para o desenvolvimento do munic\u00edpio, compromisso assumido com a popula\u00e7\u00e3o para tornar nossa cidade um lugar cada vez melhor de se viver. Todas as a\u00e7\u00f5es da gest\u00e3o Crescendo Com Seu Povo s\u00e3o pautadas na legalidade e no respeito \u00e0 igualdade das condi\u00e7\u00f5es de &hellip;<\/p>\n","protected":false},"author":1,"featured_media":15861,"comment_status":"closed","ping_status":"closed","sticky":false,"template":"","format":"standard","meta":{"_jetpack_newsletter_access":"","_jetpack_dont_email_post_to_subs":false,"_jetpack_newsletter_tier_id":0,"_jetpack_memberships_contains_paywalled_content":false,"_jetpack_memberships_contains_paid_content":false,"footnotes":""},"categories":[1],"tags":[],"class_list":["post-15860","post","type-post","status-publish","format-standard","has-post-thumbnail","hentry","category-destaque"],"jetpack_sharing_enabled":true,"jetpack_featured_media_url":"","_links":{"self":[{"href":"https:\/\/www.oparanews.com.br\/index.php\/wp-json\/wp\/v2\/posts\/15860","targetHints":{"allow":["GET"]}}],"collection":[{"href":"https:\/\/www.oparanews.com.br\/index.php\/wp-json\/wp\/v2\/posts"}],"about":[{"href":"https:\/\/www.oparanews.com.br\/index.php\/wp-json\/wp\/v2\/types\/post"}],"author":[{"embeddable":true,"href":"https:\/\/www.oparanews.com.br\/index.php\/wp-json\/wp\/v2\/users\/1"}],"replies":[{"embeddable":true,"href":"https:\/\/www.oparanews.com.br\/index.php\/wp-json\/wp\/v2\/comments?post=15860"}],"version-history":[{"count":0,"href":"https:\/\/www.oparanews.com.br\/index.php\/wp-json\/wp\/v2\/posts\/15860\/revisions"}],"wp:attachment":[{"href":"https:\/\/www.oparanews.com.br\/index.php\/wp-json\/wp\/v2\/media?parent=15860"}],"wp:term":[{"taxonomy":"category","embeddable":true,"href":"https:\/\/www.oparanews.com.br\/index.php\/wp-json\/wp\/v2\/categories?post=15860"},{"taxonomy":"post_tag","embeddable":true,"href":"https:\/\/www.oparanews.com.br\/index.php\/wp-json\/wp\/v2\/tags?post=15860"}],"curies":[{"name":"wp","href":"https:\/\/api.w.org\/{rel}","templated":true}]}}