{"id":15876,"date":"2021-05-22T20:25:01","date_gmt":"2021-05-22T20:25:01","guid":{"rendered":"https:\/\/oparanews.com.br\/?p=15876"},"modified":"2021-05-22T20:25:01","modified_gmt":"2021-05-22T20:25:01","slug":"alagoas-confirma-586-novos-casos-e-18-mortes-por-covid-19","status":"publish","type":"post","link":"https:\/\/www.oparanews.com.br\/index.php\/2021\/05\/22\/alagoas-confirma-586-novos-casos-e-18-mortes-por-covid-19\/","title":{"rendered":"Alagoas confirma 586 novos casos e 18 mortes por Covid-19"},"content":{"rendered":"<p>Alagoas confirmou mais 586 casos e 18 mortes por Covid-19 nas \u00faltimas 24 horas, de acordo com o boletim epidemiol\u00f3gico divulgado pela Secretaria de Estado da Sa\u00fade (Sesau) neste s\u00e1bado (22).<\/p>\n<p>Com essa atualiza\u00e7\u00e3o, o n\u00famero de pessoas que morreram de Covid no estado desde o come\u00e7o da pandemia chegou a 4.589. O total de casos confirmados \u00e9 188.062.<\/p>\n<p>Dos casos confirmados, 179.304 pacientes se recuperaram. Outros 3.397 pacientes est\u00e3o em isolamento domiciliar.<\/p>\n<p>O n\u00famero acumulado de casos suspeitos est\u00e1 em 15.360.<\/p>\n<p>Das mortes registradas, oito foram de pacientes da capital alagoana e dez do interior do Estado.<\/p>\n<p><strong>Boletim de Leitos<\/strong><\/p>\n<p>O boletim de ocupa\u00e7\u00e3o de leitos desta sexta mostrou que 57% dos leitos exclusivos para Covid-19 est\u00e3o ocupados. A taxa de ocupa\u00e7\u00e3o de leitos de UTI \u00e9 de 81%.<\/p>\n<p><strong>Mais 18 mortes por Covid-19<\/strong><\/p>\n<p>Macei\u00f3: homem, 48 anos &#8211; diab\u00e9tico<br \/>\nMacei\u00f3: homem, 50 anos &#8211; hipertenso<br \/>\nMacei\u00f3: homem, 66 anos &#8211; diab\u00e9tico<br \/>\nMacei\u00f3: homem, 68 anos &#8211; sem comorbidade<br \/>\nMacei\u00f3: homem, 72 anos &#8211; hipertenso e c\u00e2ncer de pr\u00f3stata<br \/>\nMacei\u00f3: homem, 74 anos &#8211; diab\u00e9tico, hipertenso e Parkinson<br \/>\nMacei\u00f3: mulher, 39 anos &#8211; sem comorbidade<br \/>\nMacei\u00f3: mulher, 54 anos &#8211; fumante<br \/>\nArapiraca: homem, 53 anos &#8211; diab\u00e9tico<br \/>\nArapiraca: homem, 58 anos &#8211; diab\u00e9tico<br \/>\nVi\u00e7osa: homem, 63 anos &#8211; sem comorbidades<br \/>\nCra\u00edbas: homem, 35 anos &#8211; sem comorbidades<br \/>\nCra\u00edbas: homem, 65 anos &#8211; hipertenso e diab\u00e9tico<br \/>\nPenedo: homem, 66 anos &#8211; sem comorbidades<br \/>\nPenedo: homem, 86 anos &#8211; doen\u00e7a cardiovascular cr\u00f4nica<br \/>\nPenedo: mulher, 70 anos &#8211; doen\u00e7a respirat\u00f3ria cr\u00f4nica<br \/>\nArapiraca: mulher, 46 anos &#8211; doen\u00e7a respirat\u00f3ria cr\u00f4nica<br \/>\nPorto de Pedras: mulher, 62 anos &#8211; sequelas de um Acidente Vascular Cerebral (AVC)<\/p>\n<p>&nbsp;<\/p>\n<p><strong>Fonte: G1\/AL<\/strong><\/p>\n<p>&nbsp;<\/p>\n","protected":false},"excerpt":{"rendered":"<p>Alagoas confirmou mais 586 casos e 18 mortes por Covid-19 nas \u00faltimas 24 horas, de acordo com o boletim epidemiol\u00f3gico divulgado pela Secretaria de Estado da Sa\u00fade (Sesau) neste s\u00e1bado (22). Com essa atualiza\u00e7\u00e3o, o n\u00famero de pessoas que morreram de Covid no estado desde o come\u00e7o da pandemia chegou a 4.589. O total de &hellip;<\/p>\n","protected":false},"author":1,"featured_media":15816,"comment_status":"closed","ping_status":"closed","sticky":false,"template":"","format":"standard","meta":{"_jetpack_newsletter_access":"","_jetpack_dont_email_post_to_subs":false,"_jetpack_newsletter_tier_id":0,"_jetpack_memberships_contains_paywalled_content":false,"_jetpack_memberships_contains_paid_content":false,"footnotes":""},"categories":[1],"tags":[],"class_list":["post-15876","post","type-post","status-publish","format-standard","has-post-thumbnail","hentry","category-destaque"],"jetpack_sharing_enabled":true,"jetpack_featured_media_url":"","_links":{"self":[{"href":"https:\/\/www.oparanews.com.br\/index.php\/wp-json\/wp\/v2\/posts\/15876","targetHints":{"allow":["GET"]}}],"collection":[{"href":"https:\/\/www.oparanews.com.br\/index.php\/wp-json\/wp\/v2\/posts"}],"about":[{"href":"https:\/\/www.oparanews.com.br\/index.php\/wp-json\/wp\/v2\/types\/post"}],"author":[{"embeddable":true,"href":"https:\/\/www.oparanews.com.br\/index.php\/wp-json\/wp\/v2\/users\/1"}],"replies":[{"embeddable":true,"href":"https:\/\/www.oparanews.com.br\/index.php\/wp-json\/wp\/v2\/comments?post=15876"}],"version-history":[{"count":0,"href":"https:\/\/www.oparanews.com.br\/index.php\/wp-json\/wp\/v2\/posts\/15876\/revisions"}],"wp:attachment":[{"href":"https:\/\/www.oparanews.com.br\/index.php\/wp-json\/wp\/v2\/media?parent=15876"}],"wp:term":[{"taxonomy":"category","embeddable":true,"href":"https:\/\/www.oparanews.com.br\/index.php\/wp-json\/wp\/v2\/categories?post=15876"},{"taxonomy":"post_tag","embeddable":true,"href":"https:\/\/www.oparanews.com.br\/index.php\/wp-json\/wp\/v2\/tags?post=15876"}],"curies":[{"name":"wp","href":"https:\/\/api.w.org\/{rel}","templated":true}]}}