{"id":15878,"date":"2021-05-22T20:28:47","date_gmt":"2021-05-22T20:28:47","guid":{"rendered":"https:\/\/oparanews.com.br\/?p=15878"},"modified":"2021-05-22T20:28:47","modified_gmt":"2021-05-22T20:28:47","slug":"sems-penedo-e-policia-militar-realizam-acao-conjunta-em-cumprimento-as-medidas-contra-covid-19","status":"publish","type":"post","link":"https:\/\/www.oparanews.com.br\/index.php\/2021\/05\/22\/sems-penedo-e-policia-militar-realizam-acao-conjunta-em-cumprimento-as-medidas-contra-covid-19\/","title":{"rendered":"SEMS Penedo e Policia Militar realizam a\u00e7\u00e3o conjunta em cumprimento as medidas contra Covid-19"},"content":{"rendered":"<p>Promover o necess\u00e1rio distanciamento social, devido ao crescimento dos casos de Covid-19 em Penedo, por meio de a\u00e7\u00f5es que venham a fortalecer esse objetivo.<\/p>\n<p>Foi com esse foco, que a Secretaria Municipal de Sa\u00fade da Prefeitura de Penedo, por meio de uma equipe de promo\u00e7\u00e3o a sa\u00fade, contando tamb\u00e9m com a participa\u00e7\u00e3o da a Vigil\u00e2ncia Sanit\u00e1ria Municipal realizou uma fiscaliza\u00e7\u00e3o em cumprimento as regras vigente contra Covid-19.<\/p>\n<p>A a\u00e7\u00e3o contou com o apoio do 11\u00ba Batalh\u00e3o de Policia Militar, sendo observado o cumprimento dos decretos relacionados a fase vermelha, do Protocolo de Distanciamento Social Controlado.<\/p>\n<p>Tamb\u00e9m houveram orienta\u00e7\u00f5es a comerciante e propriet\u00e1rios dos estabelecimentos fiscalizados, com rela\u00e7\u00e3o ao fechamento de estabelecimentos comerciais, depois das 21h, hor\u00e1rio m\u00e1ximo permitido, conforme determina a legisla\u00e7\u00e3o vigente.<\/p>\n<p>De acordo com o Diretor de Especialidades M\u00e9dicas, Maciel Oliveira, na quinta-feira (20), o trabalho realizado foi no sentido de orient\u00e1-los, sobre o cumprimento das medidas em vigor e que devem ser adotadas obrigatoriamente.<\/p>\n<p>J\u00e1 na sexta-feira (21), quatro estabelecimentos que j\u00e1 tinham sido orientados e informados sobre o hor\u00e1rio de funcionamento e a proibi\u00e7\u00e3o de aglomera\u00e7\u00f5es, estavam descumprindo as regras .<\/p>\n<p>\u201cEnt\u00e3o a Vigil\u00e2ncia Sanit\u00e1ria notificou esses quatro estabelecimentos, pelo descumprimento a regra sanit\u00e1ria vigente. Os comerciantes devem se conscientizar, que com os crescentes n\u00fameros de Covid-19, \u00e9 preciso o esfor\u00e7o de todos no sentido de evitar aglomera\u00e7\u00f5es\u201d, afirmou o Diretor de Especialidades M\u00e9dicas da Secretaria Municipal de Sa\u00fade.<\/p>\n<p>Marciel Oliveira ainda destaca, que as a\u00e7\u00f5es conjuntas entre a Policia Militar e a Vigil\u00e2ncia Sanit\u00e1ria da SEMS continuar\u00e1, com um a frequ\u00eancia semanal, tanto nos dias \u00fateis, quanto aos finais de semana , com o objetivo de promover o distanciamento social adequado em Penedo, visando reduzir os n\u00fameros da Covid-19 no munic\u00edpio.<\/p>\n<p>&nbsp;<\/p>\n<p><strong>por Thiago Sobral &#8211; Decom PMP<\/strong><\/p>\n<p>&nbsp;<\/p>\n","protected":false},"excerpt":{"rendered":"<p>Promover o necess\u00e1rio distanciamento social, devido ao crescimento dos casos de Covid-19 em Penedo, por meio de a\u00e7\u00f5es que venham a fortalecer esse objetivo. Foi com esse foco, que a Secretaria Municipal de Sa\u00fade da Prefeitura de Penedo, por meio de uma equipe de promo\u00e7\u00e3o a sa\u00fade, contando tamb\u00e9m com a participa\u00e7\u00e3o da a Vigil\u00e2ncia &hellip;<\/p>\n","protected":false},"author":1,"featured_media":15879,"comment_status":"closed","ping_status":"closed","sticky":false,"template":"","format":"standard","meta":{"_jetpack_newsletter_access":"","_jetpack_dont_email_post_to_subs":false,"_jetpack_newsletter_tier_id":0,"_jetpack_memberships_contains_paywalled_content":false,"_jetpack_memberships_contains_paid_content":false,"footnotes":""},"categories":[1],"tags":[],"class_list":["post-15878","post","type-post","status-publish","format-standard","has-post-thumbnail","hentry","category-destaque"],"jetpack_sharing_enabled":true,"jetpack_featured_media_url":"","_links":{"self":[{"href":"https:\/\/www.oparanews.com.br\/index.php\/wp-json\/wp\/v2\/posts\/15878","targetHints":{"allow":["GET"]}}],"collection":[{"href":"https:\/\/www.oparanews.com.br\/index.php\/wp-json\/wp\/v2\/posts"}],"about":[{"href":"https:\/\/www.oparanews.com.br\/index.php\/wp-json\/wp\/v2\/types\/post"}],"author":[{"embeddable":true,"href":"https:\/\/www.oparanews.com.br\/index.php\/wp-json\/wp\/v2\/users\/1"}],"replies":[{"embeddable":true,"href":"https:\/\/www.oparanews.com.br\/index.php\/wp-json\/wp\/v2\/comments?post=15878"}],"version-history":[{"count":0,"href":"https:\/\/www.oparanews.com.br\/index.php\/wp-json\/wp\/v2\/posts\/15878\/revisions"}],"wp:attachment":[{"href":"https:\/\/www.oparanews.com.br\/index.php\/wp-json\/wp\/v2\/media?parent=15878"}],"wp:term":[{"taxonomy":"category","embeddable":true,"href":"https:\/\/www.oparanews.com.br\/index.php\/wp-json\/wp\/v2\/categories?post=15878"},{"taxonomy":"post_tag","embeddable":true,"href":"https:\/\/www.oparanews.com.br\/index.php\/wp-json\/wp\/v2\/tags?post=15878"}],"curies":[{"name":"wp","href":"https:\/\/api.w.org\/{rel}","templated":true}]}}