{"id":15881,"date":"2021-05-22T20:32:24","date_gmt":"2021-05-22T20:32:24","guid":{"rendered":"https:\/\/oparanews.com.br\/?p=15881"},"modified":"2021-05-22T20:32:24","modified_gmt":"2021-05-22T20:32:24","slug":"governo-sanciona-reajuste-de-452-dos-servidores-publicos-de-alagoas","status":"publish","type":"post","link":"https:\/\/www.oparanews.com.br\/index.php\/2021\/05\/22\/governo-sanciona-reajuste-de-452-dos-servidores-publicos-de-alagoas\/","title":{"rendered":"Governo sanciona reajuste de 4,52% dos servidores p\u00fablicos de Alagoas"},"content":{"rendered":"<p>O governador Renan Filho (MDB) sancionou nesta sexta-feira (21) a reposi\u00e7\u00e3o salarial de 4,52% dos servidores p\u00fablicos de Alagoas. A san\u00e7\u00e3o foi publicada em uma edi\u00e7\u00e3o suplementar do Di\u00e1rio Oficial do Estado (DOE).<\/p>\n<p>O Projeto de Lei foi encaminhado para tramita\u00e7\u00e3o na Assembleia Legislativa (ALE) no dia 11 deste m\u00eas. O reajuste tamb\u00e9m se estende as aposentadorias e as pens\u00f5es. Depois de aprovado pelos deputados, ele seguiu para a san\u00e7\u00e3o do governo.<\/p>\n<p>Segundo a publica\u00e7\u00e3o do DOE, o novo valor dever\u00e1 ser implantado de forma retroativa, a partir do dia 1\u00ba deste m\u00eas, tendo como base os valores pagos em abril de 2021.<\/p>\n<p>A publica\u00e7\u00e3o tamb\u00e9m traz o mesmo reajuste para o governador, o vice-governador e os servidores da ALE. E informa que ele n\u00e3o se aplica aos procuradores do estado porque eles t\u00eam legisla\u00e7\u00e3o pr\u00f3pria.<\/p>\n<p>O percentual de 4,52% se refere \u00e0 infla\u00e7\u00e3o de 2020 medida pelo \u00cdndice Nacional de Pre\u00e7os ao Consumidor Amplo (IPCA).<\/p>\n<p>Com o acr\u00e9scimo, a Secretaria da Fazenda do Estado (Sefaz) estima injetar entre R$ 13 e R$ 15 milh\u00f5es por m\u00eas na economia local, cerca de R$ 180 milh\u00f5es de reais por ano a mais em circula\u00e7\u00e3o.<\/p>\n<p>&nbsp;<\/p>\n<p><strong>Fonte: G1\/AL<\/strong><\/p>\n<p>&nbsp;<\/p>\n","protected":false},"excerpt":{"rendered":"<p>O governador Renan Filho (MDB) sancionou nesta sexta-feira (21) a reposi\u00e7\u00e3o salarial de 4,52% dos servidores p\u00fablicos de Alagoas. A san\u00e7\u00e3o foi publicada em uma edi\u00e7\u00e3o suplementar do Di\u00e1rio Oficial do Estado (DOE). O Projeto de Lei foi encaminhado para tramita\u00e7\u00e3o na Assembleia Legislativa (ALE) no dia 11 deste m\u00eas. O reajuste tamb\u00e9m se estende &hellip;<\/p>\n","protected":false},"author":1,"featured_media":15882,"comment_status":"closed","ping_status":"closed","sticky":false,"template":"","format":"standard","meta":{"_jetpack_newsletter_access":"","_jetpack_dont_email_post_to_subs":false,"_jetpack_newsletter_tier_id":0,"_jetpack_memberships_contains_paywalled_content":false,"_jetpack_memberships_contains_paid_content":false,"footnotes":""},"categories":[1],"tags":[],"class_list":["post-15881","post","type-post","status-publish","format-standard","has-post-thumbnail","hentry","category-destaque"],"jetpack_sharing_enabled":true,"jetpack_featured_media_url":"","_links":{"self":[{"href":"https:\/\/www.oparanews.com.br\/index.php\/wp-json\/wp\/v2\/posts\/15881","targetHints":{"allow":["GET"]}}],"collection":[{"href":"https:\/\/www.oparanews.com.br\/index.php\/wp-json\/wp\/v2\/posts"}],"about":[{"href":"https:\/\/www.oparanews.com.br\/index.php\/wp-json\/wp\/v2\/types\/post"}],"author":[{"embeddable":true,"href":"https:\/\/www.oparanews.com.br\/index.php\/wp-json\/wp\/v2\/users\/1"}],"replies":[{"embeddable":true,"href":"https:\/\/www.oparanews.com.br\/index.php\/wp-json\/wp\/v2\/comments?post=15881"}],"version-history":[{"count":0,"href":"https:\/\/www.oparanews.com.br\/index.php\/wp-json\/wp\/v2\/posts\/15881\/revisions"}],"wp:attachment":[{"href":"https:\/\/www.oparanews.com.br\/index.php\/wp-json\/wp\/v2\/media?parent=15881"}],"wp:term":[{"taxonomy":"category","embeddable":true,"href":"https:\/\/www.oparanews.com.br\/index.php\/wp-json\/wp\/v2\/categories?post=15881"},{"taxonomy":"post_tag","embeddable":true,"href":"https:\/\/www.oparanews.com.br\/index.php\/wp-json\/wp\/v2\/tags?post=15881"}],"curies":[{"name":"wp","href":"https:\/\/api.w.org\/{rel}","templated":true}]}}