{"id":15887,"date":"2021-05-22T21:32:47","date_gmt":"2021-05-22T21:32:47","guid":{"rendered":"https:\/\/oparanews.com.br\/?p=15887"},"modified":"2021-05-22T21:32:47","modified_gmt":"2021-05-22T21:32:47","slug":"5-obitos-por-covid-19-sao-registrados-em-penedo-em-48h","status":"publish","type":"post","link":"https:\/\/www.oparanews.com.br\/index.php\/2021\/05\/22\/5-obitos-por-covid-19-sao-registrados-em-penedo-em-48h\/","title":{"rendered":"5 \u00f3bitos por Covid-19 s\u00e3o registrados em Penedo em 48h"},"content":{"rendered":"<p>Penedo vive o pior momento da Pandemia do novo Coronav\u00edrus. Por mais que todos j\u00e1 saibam o que tem que ser feito para n\u00e3o se infectar, mas o que se v\u00ea nas ruas s\u00e3o pessoas descumprindo regras essenciais de controle sanit\u00e1rio, como o uso de m\u00e1scara e distanciamento f\u00edsico.<\/p>\n<p>H\u00e1 duas semanas o n\u00famero de casos vem aumentando chegando a mais de 400 casos ativos da doen\u00e7a neste final de semana. Quanto ao n\u00famero de \u00f3bitos, ontem sexta-feira, 21, o boletim epidemiol\u00f3gico registrou dois e neste s\u00e1bado, 22, foram mais tr\u00eas, totalizando at\u00e9 o momento 40 \u00f3bitos.<\/p>\n<p><strong>\u00d3bitos registrados sexta-feira, 21.<\/strong><\/p>\n<ul>\n<li>Homem, 40 anos &#8211; sem comorbidades<\/li>\n<li>Homem, 88 anos &#8211; doen\u00e7a cardiovascular e doen\u00e7a renal cr\u00f4nica<\/li>\n<\/ul>\n<p><strong>\u00d3bitos registrados s\u00e1bado, 22.<\/strong><\/p>\n<ul>\n<li>Homem, 66 anos \u2013 sem comorbidades<\/li>\n<li>Homem, 86 anos \u2013 doen\u00e7a cardiovascular cr\u00f4nica<\/li>\n<li>Mulher, 70 anos \u2013 doen\u00e7a respirat\u00f3ria cr\u00f4nica<\/li>\n<\/ul>\n<p>&nbsp;<\/p>\n<p><strong>por Reda\u00e7\u00e3o<\/strong><\/p>\n<p>&nbsp;<\/p>\n","protected":false},"excerpt":{"rendered":"<p>Penedo vive o pior momento da Pandemia do novo Coronav\u00edrus. Por mais que todos j\u00e1 saibam o que tem que ser feito para n\u00e3o se infectar, mas o que se v\u00ea nas ruas s\u00e3o pessoas descumprindo regras essenciais de controle sanit\u00e1rio, como o uso de m\u00e1scara e distanciamento f\u00edsico. H\u00e1 duas semanas o n\u00famero de &hellip;<\/p>\n","protected":false},"author":1,"featured_media":15888,"comment_status":"closed","ping_status":"closed","sticky":false,"template":"","format":"standard","meta":{"_jetpack_newsletter_access":"","_jetpack_dont_email_post_to_subs":false,"_jetpack_newsletter_tier_id":0,"_jetpack_memberships_contains_paywalled_content":false,"_jetpack_memberships_contains_paid_content":false,"footnotes":""},"categories":[1],"tags":[],"class_list":["post-15887","post","type-post","status-publish","format-standard","has-post-thumbnail","hentry","category-destaque"],"jetpack_sharing_enabled":true,"jetpack_featured_media_url":"","_links":{"self":[{"href":"https:\/\/www.oparanews.com.br\/index.php\/wp-json\/wp\/v2\/posts\/15887","targetHints":{"allow":["GET"]}}],"collection":[{"href":"https:\/\/www.oparanews.com.br\/index.php\/wp-json\/wp\/v2\/posts"}],"about":[{"href":"https:\/\/www.oparanews.com.br\/index.php\/wp-json\/wp\/v2\/types\/post"}],"author":[{"embeddable":true,"href":"https:\/\/www.oparanews.com.br\/index.php\/wp-json\/wp\/v2\/users\/1"}],"replies":[{"embeddable":true,"href":"https:\/\/www.oparanews.com.br\/index.php\/wp-json\/wp\/v2\/comments?post=15887"}],"version-history":[{"count":0,"href":"https:\/\/www.oparanews.com.br\/index.php\/wp-json\/wp\/v2\/posts\/15887\/revisions"}],"wp:attachment":[{"href":"https:\/\/www.oparanews.com.br\/index.php\/wp-json\/wp\/v2\/media?parent=15887"}],"wp:term":[{"taxonomy":"category","embeddable":true,"href":"https:\/\/www.oparanews.com.br\/index.php\/wp-json\/wp\/v2\/categories?post=15887"},{"taxonomy":"post_tag","embeddable":true,"href":"https:\/\/www.oparanews.com.br\/index.php\/wp-json\/wp\/v2\/tags?post=15887"}],"curies":[{"name":"wp","href":"https:\/\/api.w.org\/{rel}","templated":true}]}}