{"id":15890,"date":"2021-05-22T23:33:17","date_gmt":"2021-05-22T23:33:17","guid":{"rendered":"https:\/\/oparanews.com.br\/?p=15890"},"modified":"2021-05-22T23:33:17","modified_gmt":"2021-05-22T23:33:17","slug":"arthur-picoli-e-vacinado-contra-covid-19-e-rebate-criticas","status":"publish","type":"post","link":"https:\/\/www.oparanews.com.br\/index.php\/2021\/05\/22\/arthur-picoli-e-vacinado-contra-covid-19-e-rebate-criticas\/","title":{"rendered":"Arthur Picoli \u00e9 vacinado contra covid-19 e rebate cr\u00edticas"},"content":{"rendered":"<p>Arthur Picoli gravou um v\u00eddeo para rebater cr\u00edticas dos seguidores por j\u00e1 ter sido vacinado contra a covid-19, aos 26 anos. O ex-participante do \u201cBBB 21\u201d esclareceu que pode receber a primeira dose por ser educador f\u00edsico.<\/p>\n<p>\u201cPara come\u00e7o de conversa, eu sou licenciado e tenho diploma de bacharel em educa\u00e7\u00e3o f\u00edsica. Comecei a minha carreira na vertente pedag\u00f3gica, onde fiquei envolvido em projetos sociais\u201d, explicou.<\/p>\n<p>\u201cEu podia receber a vacinar hoje. E tor\u00e7o para que chegue a vez de todos. Calma, gente. Isso n\u00e3o \u00e9 motivo de briga n\u00e3o. Pelo amor de Deus\u201d, concluiu Arthur.<\/p>\n<p>&nbsp;<\/p>\n<p><strong>Fonte: ISTO\u00c9<\/strong><\/p>\n<p>&nbsp;<\/p>\n","protected":false},"excerpt":{"rendered":"<p>Arthur Picoli gravou um v\u00eddeo para rebater cr\u00edticas dos seguidores por j\u00e1 ter sido vacinado contra a covid-19, aos 26 anos. O ex-participante do \u201cBBB 21\u201d esclareceu que pode receber a primeira dose por ser educador f\u00edsico. \u201cPara come\u00e7o de conversa, eu sou licenciado e tenho diploma de bacharel em educa\u00e7\u00e3o f\u00edsica. Comecei a minha &hellip;<\/p>\n","protected":false},"author":1,"featured_media":15891,"comment_status":"closed","ping_status":"closed","sticky":false,"template":"","format":"standard","meta":{"_jetpack_newsletter_access":"","_jetpack_dont_email_post_to_subs":false,"_jetpack_newsletter_tier_id":0,"_jetpack_memberships_contains_paywalled_content":false,"_jetpack_memberships_contains_paid_content":false,"footnotes":""},"categories":[1],"tags":[],"class_list":["post-15890","post","type-post","status-publish","format-standard","has-post-thumbnail","hentry","category-destaque"],"jetpack_sharing_enabled":true,"jetpack_featured_media_url":"","_links":{"self":[{"href":"https:\/\/www.oparanews.com.br\/index.php\/wp-json\/wp\/v2\/posts\/15890","targetHints":{"allow":["GET"]}}],"collection":[{"href":"https:\/\/www.oparanews.com.br\/index.php\/wp-json\/wp\/v2\/posts"}],"about":[{"href":"https:\/\/www.oparanews.com.br\/index.php\/wp-json\/wp\/v2\/types\/post"}],"author":[{"embeddable":true,"href":"https:\/\/www.oparanews.com.br\/index.php\/wp-json\/wp\/v2\/users\/1"}],"replies":[{"embeddable":true,"href":"https:\/\/www.oparanews.com.br\/index.php\/wp-json\/wp\/v2\/comments?post=15890"}],"version-history":[{"count":0,"href":"https:\/\/www.oparanews.com.br\/index.php\/wp-json\/wp\/v2\/posts\/15890\/revisions"}],"wp:attachment":[{"href":"https:\/\/www.oparanews.com.br\/index.php\/wp-json\/wp\/v2\/media?parent=15890"}],"wp:term":[{"taxonomy":"category","embeddable":true,"href":"https:\/\/www.oparanews.com.br\/index.php\/wp-json\/wp\/v2\/categories?post=15890"},{"taxonomy":"post_tag","embeddable":true,"href":"https:\/\/www.oparanews.com.br\/index.php\/wp-json\/wp\/v2\/tags?post=15890"}],"curies":[{"name":"wp","href":"https:\/\/api.w.org\/{rel}","templated":true}]}}