{"id":15902,"date":"2021-05-23T15:49:44","date_gmt":"2021-05-23T15:49:44","guid":{"rendered":"https:\/\/oparanews.com.br\/?p=15902"},"modified":"2021-05-23T15:49:44","modified_gmt":"2021-05-23T15:49:44","slug":"prefeitura-de-penedo-vacina-novos-grupos-prioritarios","status":"publish","type":"post","link":"https:\/\/www.oparanews.com.br\/index.php\/2021\/05\/23\/prefeitura-de-penedo-vacina-novos-grupos-prioritarios\/","title":{"rendered":"Prefeitura de Penedo vacina novos grupos priorit\u00e1rios"},"content":{"rendered":"<p>A vacina\u00e7\u00e3o contra Covid-19 segue em Penedo, a partir de segunda-feira (24), com a inclus\u00e3o de novos grupos priorit\u00e1rios.<\/p>\n<p>Dessa forma, a Secretaria Municipal de Sa\u00fade (SEMS) da Prefeitura de Penedo, imuniza trabalhadores de transportes coletivos, trabalhadores de transportes aquavi\u00e1rios (lanchas, balsas, entre outros.).<\/p>\n<p>Tamb\u00e9m ser\u00e3o vacinados nessa etapa, trabalhadores industriais e da constru\u00e7\u00e3o civil, caminhoneiros, trabalhadores da limpeza urbana, guardas patrimoniais e agentes da SMTT- Superintend\u00eancia Municipal de Transporte e Tr\u00e2nsito.<\/p>\n<p>As pessoas pertencentes a esses grupos, devem ter 18 anos de idade ou mais.<\/p>\n<p>A imuniza\u00e7\u00e3o ocorre na Central de Vacina\u00e7\u00e3o contra Covid-19, que funciona na Escola Estadual Ernani M\u00e9ro, das 7h as 17 horas. N\u00e3o esquecer o documento oficial com foto e o cart\u00e3o do SUS.<\/p>\n<p>Tamb\u00e9m s\u00e3o necess\u00e1rios para comprova\u00e7\u00e3o de inclus\u00e3o no grupo vacinado, os seguintes documentos: CPF, comprovante de resid\u00eancia ( original e c\u00f3pia) e documento que comprove o desempenho da fun\u00e7\u00e3o (original e c\u00f3pia) podendo ser:<\/p>\n<p>Contracheque ou declara\u00e7\u00e3o emitida pelo servi\u00e7o que atua em Penedo, com obrigatoriedade da empresa est\u00e1 registrada no munic\u00edpio.<\/p>\n<p>O avan\u00e7o na campanha de imuniza\u00e7\u00e3o contra o coronav\u00edrus para as pr\u00f3ximas faixas et\u00e1rias acontecer\u00e1 \u00e0 medida que chegarem novos lotes de vacinas contra Covid-19 em Penedo.<\/p>\n<p>&nbsp;<\/p>\n<p><strong>Fonte: Decom &#8211; PMP<\/strong><\/p>\n<p>&nbsp;<\/p>\n","protected":false},"excerpt":{"rendered":"<p>A vacina\u00e7\u00e3o contra Covid-19 segue em Penedo, a partir de segunda-feira (24), com a inclus\u00e3o de novos grupos priorit\u00e1rios. Dessa forma, a Secretaria Municipal de Sa\u00fade (SEMS) da Prefeitura de Penedo, imuniza trabalhadores de transportes coletivos, trabalhadores de transportes aquavi\u00e1rios (lanchas, balsas, entre outros.). Tamb\u00e9m ser\u00e3o vacinados nessa etapa, trabalhadores industriais e da constru\u00e7\u00e3o civil, &hellip;<\/p>\n","protected":false},"author":1,"featured_media":15903,"comment_status":"closed","ping_status":"closed","sticky":false,"template":"","format":"standard","meta":{"_jetpack_newsletter_access":"","_jetpack_dont_email_post_to_subs":false,"_jetpack_newsletter_tier_id":0,"_jetpack_memberships_contains_paywalled_content":false,"_jetpack_memberships_contains_paid_content":false,"footnotes":""},"categories":[1],"tags":[],"class_list":["post-15902","post","type-post","status-publish","format-standard","has-post-thumbnail","hentry","category-destaque"],"jetpack_sharing_enabled":true,"jetpack_featured_media_url":"","_links":{"self":[{"href":"https:\/\/www.oparanews.com.br\/index.php\/wp-json\/wp\/v2\/posts\/15902","targetHints":{"allow":["GET"]}}],"collection":[{"href":"https:\/\/www.oparanews.com.br\/index.php\/wp-json\/wp\/v2\/posts"}],"about":[{"href":"https:\/\/www.oparanews.com.br\/index.php\/wp-json\/wp\/v2\/types\/post"}],"author":[{"embeddable":true,"href":"https:\/\/www.oparanews.com.br\/index.php\/wp-json\/wp\/v2\/users\/1"}],"replies":[{"embeddable":true,"href":"https:\/\/www.oparanews.com.br\/index.php\/wp-json\/wp\/v2\/comments?post=15902"}],"version-history":[{"count":0,"href":"https:\/\/www.oparanews.com.br\/index.php\/wp-json\/wp\/v2\/posts\/15902\/revisions"}],"wp:attachment":[{"href":"https:\/\/www.oparanews.com.br\/index.php\/wp-json\/wp\/v2\/media?parent=15902"}],"wp:term":[{"taxonomy":"category","embeddable":true,"href":"https:\/\/www.oparanews.com.br\/index.php\/wp-json\/wp\/v2\/categories?post=15902"},{"taxonomy":"post_tag","embeddable":true,"href":"https:\/\/www.oparanews.com.br\/index.php\/wp-json\/wp\/v2\/tags?post=15902"}],"curies":[{"name":"wp","href":"https:\/\/api.w.org\/{rel}","templated":true}]}}