{"id":15916,"date":"2021-05-24T00:07:38","date_gmt":"2021-05-24T00:07:38","guid":{"rendered":"https:\/\/oparanews.com.br\/?p=15916"},"modified":"2021-05-24T00:07:38","modified_gmt":"2021-05-24T00:07:38","slug":"pazuello-participa-sem-mascara-de-ato-com-bolsonaro","status":"publish","type":"post","link":"https:\/\/www.oparanews.com.br\/index.php\/2021\/05\/24\/pazuello-participa-sem-mascara-de-ato-com-bolsonaro\/","title":{"rendered":"Pazuello participa, sem m\u00e1scara, de ato com Bolsonaro"},"content":{"rendered":"<p>O ex-ministro da Sa\u00fade Eduardo Pazuello participou neste domingo de evento de apoio ao presidente Jair Bolsonaro, no Monumento aos Pracinhas, no Aterro do Flamengo, no Rio.<\/p>\n<p>Com a m\u00e1scara no queixo, Pazuello passou no meio da multid\u00e3o de apoiadores e subiu no carro de som onde estava o presidente junto com pelo menos outras dez autoridades, todos sem m\u00e1scara. J\u00e1 sem m\u00e1scara tamb\u00e9m, um sorridente Pazuello acenou para os manifestantes ao lado de Bolsonaro. O presidente chamou seu ex-ministro de &#8220;nosso gordinho&#8221;.<\/p>\n<p>O ex-ministro dep\u00f4s na quarta-feira e na quinta-feira na CPI da covid-19. No depoimento, ao ser questionado sobre ter aparecido sem m\u00e1scara em um shopping em Bras\u00edlia, o ex-ministro admitiu o erro e pediu desculpas. No evento desta manh\u00e3, no entanto, n\u00e3o houve essa preocupa\u00e7\u00e3o.<\/p>\n<p>&nbsp;<\/p>\n<p><strong>Fonte: Estad\u00e3o<\/strong><\/p>\n<p>&nbsp;<\/p>\n","protected":false},"excerpt":{"rendered":"<p>O ex-ministro da Sa\u00fade Eduardo Pazuello participou neste domingo de evento de apoio ao presidente Jair Bolsonaro, no Monumento aos Pracinhas, no Aterro do Flamengo, no Rio. Com a m\u00e1scara no queixo, Pazuello passou no meio da multid\u00e3o de apoiadores e subiu no carro de som onde estava o presidente junto com pelo menos outras &hellip;<\/p>\n","protected":false},"author":1,"featured_media":15917,"comment_status":"closed","ping_status":"closed","sticky":false,"template":"","format":"standard","meta":{"_jetpack_newsletter_access":"","_jetpack_dont_email_post_to_subs":false,"_jetpack_newsletter_tier_id":0,"_jetpack_memberships_contains_paywalled_content":false,"_jetpack_memberships_contains_paid_content":false,"footnotes":""},"categories":[1],"tags":[],"class_list":["post-15916","post","type-post","status-publish","format-standard","has-post-thumbnail","hentry","category-destaque"],"jetpack_sharing_enabled":true,"jetpack_featured_media_url":"","_links":{"self":[{"href":"https:\/\/www.oparanews.com.br\/index.php\/wp-json\/wp\/v2\/posts\/15916","targetHints":{"allow":["GET"]}}],"collection":[{"href":"https:\/\/www.oparanews.com.br\/index.php\/wp-json\/wp\/v2\/posts"}],"about":[{"href":"https:\/\/www.oparanews.com.br\/index.php\/wp-json\/wp\/v2\/types\/post"}],"author":[{"embeddable":true,"href":"https:\/\/www.oparanews.com.br\/index.php\/wp-json\/wp\/v2\/users\/1"}],"replies":[{"embeddable":true,"href":"https:\/\/www.oparanews.com.br\/index.php\/wp-json\/wp\/v2\/comments?post=15916"}],"version-history":[{"count":0,"href":"https:\/\/www.oparanews.com.br\/index.php\/wp-json\/wp\/v2\/posts\/15916\/revisions"}],"wp:attachment":[{"href":"https:\/\/www.oparanews.com.br\/index.php\/wp-json\/wp\/v2\/media?parent=15916"}],"wp:term":[{"taxonomy":"category","embeddable":true,"href":"https:\/\/www.oparanews.com.br\/index.php\/wp-json\/wp\/v2\/categories?post=15916"},{"taxonomy":"post_tag","embeddable":true,"href":"https:\/\/www.oparanews.com.br\/index.php\/wp-json\/wp\/v2\/tags?post=15916"}],"curies":[{"name":"wp","href":"https:\/\/api.w.org\/{rel}","templated":true}]}}