{"id":15922,"date":"2021-05-24T01:08:38","date_gmt":"2021-05-24T01:08:38","guid":{"rendered":"https:\/\/oparanews.com.br\/?p=15922"},"modified":"2021-05-24T01:08:38","modified_gmt":"2021-05-24T01:08:38","slug":"vereador-por-penedo-denys-reis-esta-internado-em-uti-com-covid-19","status":"publish","type":"post","link":"https:\/\/www.oparanews.com.br\/index.php\/2021\/05\/24\/vereador-por-penedo-denys-reis-esta-internado-em-uti-com-covid-19\/","title":{"rendered":"Vereador por Penedo Denys Reis est\u00e1 internado em UTI com Covid-19"},"content":{"rendered":"<p>Nossa reportagem OparaNews obteve a informa\u00e7\u00e3o atrav\u00e9s de amigos nas redes sociais e de um familiar que o edil penedense Denys Reis (PSDB) encontra-se intubado tratando a Covid-19.<\/p>\n<p>Segundo informa\u00e7\u00f5es, apesar estar em uma UTI (Unidade de Terapia Intensiva) o quadro cl\u00ednico de Denys Reis \u00e9 est\u00e1vel e com boas condi\u00e7\u00f5es de recupera\u00e7\u00e3o.<\/p>\n<p>Denys Reis, 33 anos, est\u00e1 em seu primeiro mandato de Vereador por Penedo. Nas \u00faltimas elei\u00e7\u00f5es municipais ele obteve 769 votos.<\/p>\n<p><strong>A intuba\u00e7\u00e3o \u00e9 realizada com a coloca\u00e7\u00e3o de um tubo de pl\u00e1stico pela boca at\u00e9 a entrada da traqueia, levando ar para os pulm\u00f5es. Ent\u00e3o, o aparelho leva oxig\u00eanio de maneiras que o paciente n\u00e3o consegue fazer regularmente.<\/strong><\/p>\n<p>&nbsp;<\/p>\n<p><strong>por Reda\u00e7\u00e3o<\/strong><\/p>\n<p>&nbsp;<\/p>\n","protected":false},"excerpt":{"rendered":"<p>Nossa reportagem OparaNews obteve a informa\u00e7\u00e3o atrav\u00e9s de amigos nas redes sociais e de um familiar que o edil penedense Denys Reis (PSDB) encontra-se intubado tratando a Covid-19. Segundo informa\u00e7\u00f5es, apesar estar em uma UTI (Unidade de Terapia Intensiva) o quadro cl\u00ednico de Denys Reis \u00e9 est\u00e1vel e com boas condi\u00e7\u00f5es de recupera\u00e7\u00e3o. Denys Reis, &hellip;<\/p>\n","protected":false},"author":1,"featured_media":15923,"comment_status":"closed","ping_status":"closed","sticky":false,"template":"","format":"standard","meta":{"_jetpack_newsletter_access":"","_jetpack_dont_email_post_to_subs":false,"_jetpack_newsletter_tier_id":0,"_jetpack_memberships_contains_paywalled_content":false,"_jetpack_memberships_contains_paid_content":false,"footnotes":""},"categories":[1],"tags":[],"class_list":["post-15922","post","type-post","status-publish","format-standard","has-post-thumbnail","hentry","category-destaque"],"jetpack_sharing_enabled":true,"jetpack_featured_media_url":"","_links":{"self":[{"href":"https:\/\/www.oparanews.com.br\/index.php\/wp-json\/wp\/v2\/posts\/15922","targetHints":{"allow":["GET"]}}],"collection":[{"href":"https:\/\/www.oparanews.com.br\/index.php\/wp-json\/wp\/v2\/posts"}],"about":[{"href":"https:\/\/www.oparanews.com.br\/index.php\/wp-json\/wp\/v2\/types\/post"}],"author":[{"embeddable":true,"href":"https:\/\/www.oparanews.com.br\/index.php\/wp-json\/wp\/v2\/users\/1"}],"replies":[{"embeddable":true,"href":"https:\/\/www.oparanews.com.br\/index.php\/wp-json\/wp\/v2\/comments?post=15922"}],"version-history":[{"count":0,"href":"https:\/\/www.oparanews.com.br\/index.php\/wp-json\/wp\/v2\/posts\/15922\/revisions"}],"wp:attachment":[{"href":"https:\/\/www.oparanews.com.br\/index.php\/wp-json\/wp\/v2\/media?parent=15922"}],"wp:term":[{"taxonomy":"category","embeddable":true,"href":"https:\/\/www.oparanews.com.br\/index.php\/wp-json\/wp\/v2\/categories?post=15922"},{"taxonomy":"post_tag","embeddable":true,"href":"https:\/\/www.oparanews.com.br\/index.php\/wp-json\/wp\/v2\/tags?post=15922"}],"curies":[{"name":"wp","href":"https:\/\/api.w.org\/{rel}","templated":true}]}}