{"id":15925,"date":"2021-05-24T12:45:13","date_gmt":"2021-05-24T12:45:13","guid":{"rendered":"https:\/\/oparanews.com.br\/?p=15925"},"modified":"2021-05-24T12:45:13","modified_gmt":"2021-05-24T12:45:13","slug":"policia-encerra-festa-clandestina-com-mais-de-140-pessoas-em-chacara-em-arapiraca","status":"publish","type":"post","link":"https:\/\/www.oparanews.com.br\/index.php\/2021\/05\/24\/policia-encerra-festa-clandestina-com-mais-de-140-pessoas-em-chacara-em-arapiraca\/","title":{"rendered":"Pol\u00edcia encerra festa clandestina com mais de 140 pessoas em ch\u00e1cara em Arapiraca"},"content":{"rendered":"<p>A Pol\u00edcia Militar acabou com uma festa clandestina realizada na noite deste domingo (23) em uma ch\u00e1cara no munic\u00edpio de Arapiraca, Agreste de Alagoas. Duas pessoas foram presas.<\/p>\n<p>Segundo policiais do 3\u00ba Batalh\u00e3o de Pol\u00edcia Militar (3\u00b0BPM), aproximadamente 150 jovens estavam no local sem m\u00e1scara de prote\u00e7\u00e3o, cujo o uso \u00e9 obrigat\u00f3rio como medida de combate \u00e0 pandemia.<\/p>\n<p>A pol\u00edcia informou que houve tumulto e foi necess\u00e1rio fazer disparos de bala de borracha para conter a confus\u00e3o.<\/p>\n<p>O organizador da festa disse aos policias que tinha autoriza\u00e7\u00e3o legal para realizar o evento e que a reuni\u00e3o era para comemorar o anivers\u00e1rio de sua filha. De acordo com os militares, o homem estava exaltado e precisou ser algemado.<\/p>\n<p>Al\u00e9m dele, um jovem de 20 anos, respons\u00e1vel pelo pared\u00e3o, foi preso por desacato.<\/p>\n<p>Os dois homens foram levados para a Central de Pol\u00edcia e v\u00e3o responder por descumprimento de medida sanit\u00e1ria e desobedi\u00eancia.<\/p>\n<p>&nbsp;<\/p>\n<p><strong>Fonte: G1\/AL<\/strong><\/p>\n<p>&nbsp;<\/p>\n<figure id=\"attachment_15927\" aria-describedby=\"caption-attachment-15927\" style=\"width: 300px\" class=\"wp-caption alignleft\"><a href=\"https:\/\/oparanews.com.br\/wp-content\/uploads\/2021\/05\/Sem-t\u00edtulo-190.jpg\"><img loading=\"lazy\" decoding=\"async\" class=\"wp-image-15927 size-medium\" src=\"https:\/\/oparanews.com.br\/wp-content\/uploads\/2021\/05\/Sem-t\u00edtulo-190-300x300.jpg\" alt=\"\" width=\"300\" height=\"300\" \/><\/a><figcaption id=\"caption-attachment-15927\" class=\"wp-caption-text\">Foto: 3\u00ba BPM<\/figcaption><\/figure>\n","protected":false},"excerpt":{"rendered":"<p>A Pol\u00edcia Militar acabou com uma festa clandestina realizada na noite deste domingo (23) em uma ch\u00e1cara no munic\u00edpio de Arapiraca, Agreste de Alagoas. Duas pessoas foram presas. Segundo policiais do 3\u00ba Batalh\u00e3o de Pol\u00edcia Militar (3\u00b0BPM), aproximadamente 150 jovens estavam no local sem m\u00e1scara de prote\u00e7\u00e3o, cujo o uso \u00e9 obrigat\u00f3rio como medida de &hellip;<\/p>\n","protected":false},"author":1,"featured_media":15926,"comment_status":"closed","ping_status":"closed","sticky":false,"template":"","format":"standard","meta":{"_jetpack_newsletter_access":"","_jetpack_dont_email_post_to_subs":false,"_jetpack_newsletter_tier_id":0,"_jetpack_memberships_contains_paywalled_content":false,"_jetpack_memberships_contains_paid_content":false,"footnotes":""},"categories":[1],"tags":[],"class_list":["post-15925","post","type-post","status-publish","format-standard","has-post-thumbnail","hentry","category-destaque"],"jetpack_sharing_enabled":true,"jetpack_featured_media_url":"","_links":{"self":[{"href":"https:\/\/www.oparanews.com.br\/index.php\/wp-json\/wp\/v2\/posts\/15925","targetHints":{"allow":["GET"]}}],"collection":[{"href":"https:\/\/www.oparanews.com.br\/index.php\/wp-json\/wp\/v2\/posts"}],"about":[{"href":"https:\/\/www.oparanews.com.br\/index.php\/wp-json\/wp\/v2\/types\/post"}],"author":[{"embeddable":true,"href":"https:\/\/www.oparanews.com.br\/index.php\/wp-json\/wp\/v2\/users\/1"}],"replies":[{"embeddable":true,"href":"https:\/\/www.oparanews.com.br\/index.php\/wp-json\/wp\/v2\/comments?post=15925"}],"version-history":[{"count":0,"href":"https:\/\/www.oparanews.com.br\/index.php\/wp-json\/wp\/v2\/posts\/15925\/revisions"}],"wp:attachment":[{"href":"https:\/\/www.oparanews.com.br\/index.php\/wp-json\/wp\/v2\/media?parent=15925"}],"wp:term":[{"taxonomy":"category","embeddable":true,"href":"https:\/\/www.oparanews.com.br\/index.php\/wp-json\/wp\/v2\/categories?post=15925"},{"taxonomy":"post_tag","embeddable":true,"href":"https:\/\/www.oparanews.com.br\/index.php\/wp-json\/wp\/v2\/tags?post=15925"}],"curies":[{"name":"wp","href":"https:\/\/api.w.org\/{rel}","templated":true}]}}