{"id":15939,"date":"2021-05-24T18:25:47","date_gmt":"2021-05-24T18:25:47","guid":{"rendered":"https:\/\/oparanews.com.br\/?p=15939"},"modified":"2021-05-24T18:25:47","modified_gmt":"2021-05-24T18:25:47","slug":"secretaria-de-fazenda-de-penedo-divulga-calendario-de-licitacoes-do-mes-de-junho","status":"publish","type":"post","link":"https:\/\/www.oparanews.com.br\/index.php\/2021\/05\/24\/secretaria-de-fazenda-de-penedo-divulga-calendario-de-licitacoes-do-mes-de-junho\/","title":{"rendered":"Secretaria de Fazenda de Penedo divulga calend\u00e1rio de licita\u00e7\u00f5es do m\u00eas de junho"},"content":{"rendered":"<p>A Secretaria Municipal de Fazenda \u2013 SEMFAZ da Prefeitura de Penedo divulga o calend\u00e1rio de licita\u00e7\u00f5es referente aos processos que ocorrer\u00e3o no munic\u00edpio durante o m\u00eas de junho.<\/p>\n<p>Entre os diversos itens que ser\u00e3o licitados est\u00e1 a aquisi\u00e7\u00e3o de grama esmeralda, contrata\u00e7\u00e3o de empresa especializada no fornecimento de alimenta\u00e7\u00e3o pronta e aquisi\u00e7\u00e3o de notebooks para Secretaria Municipal de Educa\u00e7\u00e3o.<\/p>\n<p>Tamb\u00e9m est\u00e1 sendo realizada licita\u00e7\u00e3o para aquisi\u00e7\u00e3o de maquin\u00e1rios, abrigo para \u00f4nibus, dentre outros.<\/p>\n<p>A divulga\u00e7\u00e3o dos processos licitat\u00f3rios \u00e9 fundamentada nos princ\u00edpios estabelecidos pela legisla\u00e7\u00e3o em vigor, sendo esse um compromisso da gest\u00e3o Crescendo Com Seu Povo.<\/p>\n<p>De acordo com o Departamento de Licita\u00e7\u00f5es da SEMFAZ, o calend\u00e1rio reuni a cada m\u00eas, as licita\u00e7\u00f5es realizadas pela administra\u00e7\u00e3o em suas diversas modalidades.<\/p>\n<p>O objetivo da cria\u00e7\u00e3o de um calend\u00e1rio pr\u00e9vio de licita\u00e7\u00f5es \u00e9 informar aos interessados as oportunidades que o poder p\u00fablico municipal oferece para aqueles que desejam fornecer para a Prefeitura de Penedo.<\/p>\n<p>O calend\u00e1rio completo pode ser visualizado por meio do seguinte link.<\/p>\n<p><strong>Calend\u00e1rio de Licita\u00e7\u00f5es<\/strong><\/p>\n<p>O calend\u00e1rio de licita\u00e7\u00f5es tamb\u00e9m oferece a oportunidade para empresas locais venderem seus produtos para o munic\u00edpio, contribuindo para o desenvolvimento econ\u00f4mico e social.<\/p>\n<p>A divulga\u00e7\u00e3o tamb\u00e9m contribui para gerar emprego e renda \u00e0 popula\u00e7\u00e3o penedense, uma das metas principais da administra\u00e7\u00e3o Ronaldo Lopes\/ Jo\u00e3o Lucas.<\/p>\n<p>Para mais informa\u00e7\u00f5es, o Departamento de Licita\u00e7\u00f5es da SEMFAZ Penedo disponibiliza o n\u00famero de telefone (82)3551-5131, dispon\u00edvel de 07h30 a 13h30 ou por meio do e-mail: penedolicitacoes.al@gmail.com.<\/p>\n<p>Tamb\u00e9m \u00e9 poss\u00edvel se informar por meio do Di\u00e1rio Oficial do Munic\u00edpio, dispon\u00edvel no endere\u00e7o eletr\u00f4nico <a href=\"http:\/\/www.penedo.al.io.org.br\/diarioOficial\"><strong>http:\/\/www.penedo.al.io.org.br\/diarioOficial<\/strong><\/a>.<\/p>\n<p>&nbsp;<\/p>\n<p><strong>Fonte: Decom &#8211; PMP<\/strong><\/p>\n<p>&nbsp;<\/p>\n","protected":false},"excerpt":{"rendered":"<p>A Secretaria Municipal de Fazenda \u2013 SEMFAZ da Prefeitura de Penedo divulga o calend\u00e1rio de licita\u00e7\u00f5es referente aos processos que ocorrer\u00e3o no munic\u00edpio durante o m\u00eas de junho. Entre os diversos itens que ser\u00e3o licitados est\u00e1 a aquisi\u00e7\u00e3o de grama esmeralda, contrata\u00e7\u00e3o de empresa especializada no fornecimento de alimenta\u00e7\u00e3o pronta e aquisi\u00e7\u00e3o de notebooks para &hellip;<\/p>\n","protected":false},"author":1,"featured_media":15940,"comment_status":"closed","ping_status":"closed","sticky":false,"template":"","format":"standard","meta":{"_jetpack_newsletter_access":"","_jetpack_dont_email_post_to_subs":false,"_jetpack_newsletter_tier_id":0,"_jetpack_memberships_contains_paywalled_content":false,"_jetpack_memberships_contains_paid_content":false,"footnotes":""},"categories":[1],"tags":[],"class_list":["post-15939","post","type-post","status-publish","format-standard","has-post-thumbnail","hentry","category-destaque"],"jetpack_sharing_enabled":true,"jetpack_featured_media_url":"","_links":{"self":[{"href":"https:\/\/www.oparanews.com.br\/index.php\/wp-json\/wp\/v2\/posts\/15939","targetHints":{"allow":["GET"]}}],"collection":[{"href":"https:\/\/www.oparanews.com.br\/index.php\/wp-json\/wp\/v2\/posts"}],"about":[{"href":"https:\/\/www.oparanews.com.br\/index.php\/wp-json\/wp\/v2\/types\/post"}],"author":[{"embeddable":true,"href":"https:\/\/www.oparanews.com.br\/index.php\/wp-json\/wp\/v2\/users\/1"}],"replies":[{"embeddable":true,"href":"https:\/\/www.oparanews.com.br\/index.php\/wp-json\/wp\/v2\/comments?post=15939"}],"version-history":[{"count":0,"href":"https:\/\/www.oparanews.com.br\/index.php\/wp-json\/wp\/v2\/posts\/15939\/revisions"}],"wp:attachment":[{"href":"https:\/\/www.oparanews.com.br\/index.php\/wp-json\/wp\/v2\/media?parent=15939"}],"wp:term":[{"taxonomy":"category","embeddable":true,"href":"https:\/\/www.oparanews.com.br\/index.php\/wp-json\/wp\/v2\/categories?post=15939"},{"taxonomy":"post_tag","embeddable":true,"href":"https:\/\/www.oparanews.com.br\/index.php\/wp-json\/wp\/v2\/tags?post=15939"}],"curies":[{"name":"wp","href":"https:\/\/api.w.org\/{rel}","templated":true}]}}