{"id":15942,"date":"2021-05-24T18:29:12","date_gmt":"2021-05-24T18:29:12","guid":{"rendered":"https:\/\/oparanews.com.br\/?p=15942"},"modified":"2021-05-24T18:29:12","modified_gmt":"2021-05-24T18:29:12","slug":"semed-penedo-informa-entrega-de-kits-da-merenda-escolar-na-escola-santa-luzia","status":"publish","type":"post","link":"https:\/\/www.oparanews.com.br\/index.php\/2021\/05\/24\/semed-penedo-informa-entrega-de-kits-da-merenda-escolar-na-escola-santa-luzia\/","title":{"rendered":"Semed Penedo informa entrega de kits da merenda escolar na Escola Santa Luzia"},"content":{"rendered":"<p>A distribui\u00e7\u00e3o dos kits de merenda escolar pela Secretaria Municipal de Educa\u00e7\u00e3o (Semed) da Prefeitura de Penedo atende fam\u00edlias dos estudantes da Escola Municipal Santa Luzia a partir de quarta-feira, 16.<\/p>\n<p>A distribui\u00e7\u00e3o acontece na Creche Menino Jesus, localizada na Rua do Flamengo, bairro Santa Luzia, onde pais ou respons\u00e1veis das crian\u00e7as da Educa\u00e7\u00e3o Infantil (Jardim I, II e 1\u00ba ano) recebem os alimentos a partir das 13h30.<\/p>\n<p>Na quinta, 27, a Semed Penedo programou o repasse dos kits da merenda escolar para as turmas do 2\u00ba e do 3\u00ba ano da Ed. Infantil no hor\u00e1rio entre 9h e 11 horas.<\/p>\n<p>A distribui\u00e7\u00e3o \u00e9 retomada no per\u00edodo da tarde, das 13h30 at\u00e9 as 16h30, para as turmas do 4\u00ba e 5\u00ba ano da Escola Santa Luzia.<\/p>\n<p>O trabalho que evita desperd\u00edcio de alimentos adquiridos dos agricultores de Penedo atende estudantes do 6\u00ba ano na manh\u00e3 de sexta-feira, 28, para alunos e alunas do 6\u00ba ano do Ensino Fundamental, das 9h \u00e0s 11 horas.<\/p>\n<p>A distribui\u00e7\u00e3o de alimentos saud\u00e1veis totaliza 590 kits de merenda escolar em sua primeira etapa para crian\u00e7as e estudantes da unidade de ensino da rede p\u00fablica municipal.<\/p>\n<p>A 2\u00aa etapa da a\u00e7\u00e3o para turmas da EMEB Santa Luzia ter\u00e1 in\u00edcio em 09 de junho.<\/p>\n<p>A Semed Penedo alerta aos pais ou respons\u00e1veis para o cronograma de distribui\u00e7\u00e3o e alerta para a necessidade do uso de m\u00e1scara para receber o kit, na data e hor\u00e1rio divulgado.<\/p>\n<p>&nbsp;<\/p>\n<p><strong>por Fernando Vin\u00edcius \u2013 Decom PMP<\/strong><\/p>\n<p><img loading=\"lazy\" decoding=\"async\" class=\"alignnone size-large wp-image-30582 td-animation-stack-type0-2\" src=\"https:\/\/penedo.al.gov.br\/wp-content\/uploads\/2021\/05\/kit-merenda-escola-escola-santa-luzia1-934x1024.jpeg\" sizes=\"auto, (max-width: 696px) 100vw, 696px\" srcset=\"https:\/\/penedo.al.gov.br\/wp-content\/uploads\/2021\/05\/kit-merenda-escola-escola-santa-luzia1-934x1024.jpeg 934w, https:\/\/penedo.al.gov.br\/wp-content\/uploads\/2021\/05\/kit-merenda-escola-escola-santa-luzia1-274x300.jpeg 274w, https:\/\/penedo.al.gov.br\/wp-content\/uploads\/2021\/05\/kit-merenda-escola-escola-santa-luzia1-768x842.jpeg 768w, https:\/\/penedo.al.gov.br\/wp-content\/uploads\/2021\/05\/kit-merenda-escola-escola-santa-luzia1-696x763.jpeg 696w, https:\/\/penedo.al.gov.br\/wp-content\/uploads\/2021\/05\/kit-merenda-escola-escola-santa-luzia1-1068x1170.jpeg 1068w, https:\/\/penedo.al.gov.br\/wp-content\/uploads\/2021\/05\/kit-merenda-escola-escola-santa-luzia1-383x420.jpeg 383w, https:\/\/penedo.al.gov.br\/wp-content\/uploads\/2021\/05\/kit-merenda-escola-escola-santa-luzia1-22x24.jpeg 22w, https:\/\/penedo.al.gov.br\/wp-content\/uploads\/2021\/05\/kit-merenda-escola-escola-santa-luzia1-33x36.jpeg 33w, https:\/\/penedo.al.gov.br\/wp-content\/uploads\/2021\/05\/kit-merenda-escola-escola-santa-luzia1-44x48.jpeg 44w, https:\/\/penedo.al.gov.br\/wp-content\/uploads\/2021\/05\/kit-merenda-escola-escola-santa-luzia1.jpeg 1168w\" alt=\"\" width=\"696\" height=\"763\" \/><img loading=\"lazy\" decoding=\"async\" class=\"alignnone size-large wp-image-30583 td-animation-stack-type0-2\" src=\"https:\/\/penedo.al.gov.br\/wp-content\/uploads\/2021\/05\/kit-merenda-escola-escola-santa-luzia2-934x1024.jpeg\" sizes=\"auto, (max-width: 696px) 100vw, 696px\" srcset=\"https:\/\/penedo.al.gov.br\/wp-content\/uploads\/2021\/05\/kit-merenda-escola-escola-santa-luzia2-934x1024.jpeg 934w, https:\/\/penedo.al.gov.br\/wp-content\/uploads\/2021\/05\/kit-merenda-escola-escola-santa-luzia2-274x300.jpeg 274w, https:\/\/penedo.al.gov.br\/wp-content\/uploads\/2021\/05\/kit-merenda-escola-escola-santa-luzia2-768x842.jpeg 768w, https:\/\/penedo.al.gov.br\/wp-content\/uploads\/2021\/05\/kit-merenda-escola-escola-santa-luzia2-696x763.jpeg 696w, https:\/\/penedo.al.gov.br\/wp-content\/uploads\/2021\/05\/kit-merenda-escola-escola-santa-luzia2-1068x1170.jpeg 1068w, https:\/\/penedo.al.gov.br\/wp-content\/uploads\/2021\/05\/kit-merenda-escola-escola-santa-luzia2-383x420.jpeg 383w, https:\/\/penedo.al.gov.br\/wp-content\/uploads\/2021\/05\/kit-merenda-escola-escola-santa-luzia2-22x24.jpeg 22w, https:\/\/penedo.al.gov.br\/wp-content\/uploads\/2021\/05\/kit-merenda-escola-escola-santa-luzia2-33x36.jpeg 33w, https:\/\/penedo.al.gov.br\/wp-content\/uploads\/2021\/05\/kit-merenda-escola-escola-santa-luzia2-44x48.jpeg 44w, https:\/\/penedo.al.gov.br\/wp-content\/uploads\/2021\/05\/kit-merenda-escola-escola-santa-luzia2.jpeg 1168w\" alt=\"\" width=\"696\" height=\"763\" \/><\/p>\n<p>&nbsp;<\/p>\n","protected":false},"excerpt":{"rendered":"<p>A distribui\u00e7\u00e3o dos kits de merenda escolar pela Secretaria Municipal de Educa\u00e7\u00e3o (Semed) da Prefeitura de Penedo atende fam\u00edlias dos estudantes da Escola Municipal Santa Luzia a partir de quarta-feira, 16. A distribui\u00e7\u00e3o acontece na Creche Menino Jesus, localizada na Rua do Flamengo, bairro Santa Luzia, onde pais ou respons\u00e1veis das crian\u00e7as da Educa\u00e7\u00e3o Infantil &hellip;<\/p>\n","protected":false},"author":1,"featured_media":15943,"comment_status":"closed","ping_status":"closed","sticky":false,"template":"","format":"standard","meta":{"_jetpack_newsletter_access":"","_jetpack_dont_email_post_to_subs":false,"_jetpack_newsletter_tier_id":0,"_jetpack_memberships_contains_paywalled_content":false,"_jetpack_memberships_contains_paid_content":false,"footnotes":""},"categories":[1],"tags":[],"class_list":["post-15942","post","type-post","status-publish","format-standard","has-post-thumbnail","hentry","category-destaque"],"jetpack_sharing_enabled":true,"jetpack_featured_media_url":"","_links":{"self":[{"href":"https:\/\/www.oparanews.com.br\/index.php\/wp-json\/wp\/v2\/posts\/15942","targetHints":{"allow":["GET"]}}],"collection":[{"href":"https:\/\/www.oparanews.com.br\/index.php\/wp-json\/wp\/v2\/posts"}],"about":[{"href":"https:\/\/www.oparanews.com.br\/index.php\/wp-json\/wp\/v2\/types\/post"}],"author":[{"embeddable":true,"href":"https:\/\/www.oparanews.com.br\/index.php\/wp-json\/wp\/v2\/users\/1"}],"replies":[{"embeddable":true,"href":"https:\/\/www.oparanews.com.br\/index.php\/wp-json\/wp\/v2\/comments?post=15942"}],"version-history":[{"count":0,"href":"https:\/\/www.oparanews.com.br\/index.php\/wp-json\/wp\/v2\/posts\/15942\/revisions"}],"wp:attachment":[{"href":"https:\/\/www.oparanews.com.br\/index.php\/wp-json\/wp\/v2\/media?parent=15942"}],"wp:term":[{"taxonomy":"category","embeddable":true,"href":"https:\/\/www.oparanews.com.br\/index.php\/wp-json\/wp\/v2\/categories?post=15942"},{"taxonomy":"post_tag","embeddable":true,"href":"https:\/\/www.oparanews.com.br\/index.php\/wp-json\/wp\/v2\/tags?post=15942"}],"curies":[{"name":"wp","href":"https:\/\/api.w.org\/{rel}","templated":true}]}}