{"id":15948,"date":"2021-05-25T00:03:54","date_gmt":"2021-05-25T00:03:54","guid":{"rendered":"https:\/\/oparanews.com.br\/?p=15948"},"modified":"2021-05-25T00:03:54","modified_gmt":"2021-05-25T00:03:54","slug":"sesau-confirma-mais-dois-obitos-por-covid-19-em-penedo","status":"publish","type":"post","link":"https:\/\/www.oparanews.com.br\/index.php\/2021\/05\/25\/sesau-confirma-mais-dois-obitos-por-covid-19-em-penedo\/","title":{"rendered":"Sesau confirma mais dois \u00f3bitos por Covid-19 em Penedo"},"content":{"rendered":"<p>O Boletim Epidemiol\u00f3gico da Covid-19 divulgado nesta segunda-feira, 24, pela Secretaria Estadual da Sa\u00fade de Alagoas registrou mais dois \u00f3bitos no munic\u00edpio de Penedo. Segundo a Sesau foram dois homens que vinheram a \u00f3bitos. Um tinha 66 anos com comorbidades (doen\u00e7a cardiovascular cr\u00f4nica e diabetes) e o outro tinha 68 anos e n\u00e3o apresentava nenhuma comorbidade.<\/p>\n<p>Com mais esses dois \u00f3bitos registrados, Penedo acumula at\u00e9 o momento 45 pessoas que perderam a vida nesta Pandemia.<\/p>\n<p>&nbsp;<\/p>\n<p><strong>por Reda\u00e7\u00e3o<\/strong><\/p>\n<p>&nbsp;<\/p>\n","protected":false},"excerpt":{"rendered":"<p>O Boletim Epidemiol\u00f3gico da Covid-19 divulgado nesta segunda-feira, 24, pela Secretaria Estadual da Sa\u00fade de Alagoas registrou mais dois \u00f3bitos no munic\u00edpio de Penedo. Segundo a Sesau foram dois homens que vinheram a \u00f3bitos. Um tinha 66 anos com comorbidades (doen\u00e7a cardiovascular cr\u00f4nica e diabetes) e o outro tinha 68 anos e n\u00e3o apresentava nenhuma &hellip;<\/p>\n","protected":false},"author":1,"featured_media":15949,"comment_status":"closed","ping_status":"closed","sticky":false,"template":"","format":"standard","meta":{"_jetpack_newsletter_access":"","_jetpack_dont_email_post_to_subs":false,"_jetpack_newsletter_tier_id":0,"_jetpack_memberships_contains_paywalled_content":false,"_jetpack_memberships_contains_paid_content":false,"footnotes":""},"categories":[1],"tags":[],"class_list":["post-15948","post","type-post","status-publish","format-standard","has-post-thumbnail","hentry","category-destaque"],"jetpack_sharing_enabled":true,"jetpack_featured_media_url":"","_links":{"self":[{"href":"https:\/\/www.oparanews.com.br\/index.php\/wp-json\/wp\/v2\/posts\/15948","targetHints":{"allow":["GET"]}}],"collection":[{"href":"https:\/\/www.oparanews.com.br\/index.php\/wp-json\/wp\/v2\/posts"}],"about":[{"href":"https:\/\/www.oparanews.com.br\/index.php\/wp-json\/wp\/v2\/types\/post"}],"author":[{"embeddable":true,"href":"https:\/\/www.oparanews.com.br\/index.php\/wp-json\/wp\/v2\/users\/1"}],"replies":[{"embeddable":true,"href":"https:\/\/www.oparanews.com.br\/index.php\/wp-json\/wp\/v2\/comments?post=15948"}],"version-history":[{"count":0,"href":"https:\/\/www.oparanews.com.br\/index.php\/wp-json\/wp\/v2\/posts\/15948\/revisions"}],"wp:attachment":[{"href":"https:\/\/www.oparanews.com.br\/index.php\/wp-json\/wp\/v2\/media?parent=15948"}],"wp:term":[{"taxonomy":"category","embeddable":true,"href":"https:\/\/www.oparanews.com.br\/index.php\/wp-json\/wp\/v2\/categories?post=15948"},{"taxonomy":"post_tag","embeddable":true,"href":"https:\/\/www.oparanews.com.br\/index.php\/wp-json\/wp\/v2\/tags?post=15948"}],"curies":[{"name":"wp","href":"https:\/\/api.w.org\/{rel}","templated":true}]}}