{"id":15951,"date":"2021-05-25T00:08:35","date_gmt":"2021-05-25T00:08:35","guid":{"rendered":"https:\/\/oparanews.com.br\/?p=15951"},"modified":"2021-05-25T00:08:35","modified_gmt":"2021-05-25T00:08:35","slug":"brasil-atinge-a-marca-de-450-mil-mortes-por-covid-19","status":"publish","type":"post","link":"https:\/\/www.oparanews.com.br\/index.php\/2021\/05\/25\/brasil-atinge-a-marca-de-450-mil-mortes-por-covid-19\/","title":{"rendered":"Brasil atinge a marca de 450 mil mortes por covid-19"},"content":{"rendered":"<p>Ap\u00f3s 15 meses de pandemia, o Brasil chegou \u00e0 marca de 450 mil mortos por covid-19 nesta segunda-feira, 24, segundo dados compilados pelo cons\u00f3rcio de ve\u00edculos de imprensa. Com a m\u00e9dia m\u00f3vel de \u00f3bitos ainda em patamar alto e n\u00famero de casos em nova crescente, o Pa\u00eds j\u00e1 acumula 450.026 perdas desde o in\u00edcio da crise sanit\u00e1ria.<\/p>\n<p>Especialistas j\u00e1 vinham alertando que o pico ainda n\u00e3o tinha passado no Brasil, mas em muitos lugares optou-se pela flexibiliza\u00e7\u00e3o das regras de isolamento social. Nas \u00faltimas 24 horas, novas 841 mortes foram registradas no Pa\u00eds.<\/p>\n<p>A m\u00e9dia semanal de v\u00edtimas, que elimina distor\u00e7\u00f5es entre dias \u00fateis e fim de semana, ficou em 1.881 nesta segunda. O \u00edndice \u00e9 menor em rela\u00e7\u00e3o ao dia anterior, quando marcou 1.909, mas o patamar \u00e9 considerado elevado.<\/p>\n<p>Por sua vez, o aumento de novos casos, percebido desde a \u00faltima semana, tem causado apreens\u00e3o. Na segunda-feira passada, o \u00edndice de diagn\u00f3sticos foi de 35.888 em 24 horas. Agora, est\u00e1 em 37.563. J\u00e1 os casos acumulados ultrapassam 16,1 milh\u00f5es.<\/p>\n<p>A maioria das mortes por coronav\u00edrus no Brasil foi registrada neste ano. Em 2020, ap\u00f3s o pico da primeira onda, o n\u00famero de casos e mortes come\u00e7ou a cair entre julho e agosto para ter novo aumento a partir de novembro. O surgimento de uma nova cepa do v\u00edrus (P.1) em Manaus colapsou o sistema amazonense em janeiro e provocou a mesma cat\u00e1strofe em quase todos os Estados entre fevereiro e mar\u00e7o deste ano.<\/p>\n<p>No ano passado, o Pa\u00eds demorou quase cinco meses para atingir os primeiros 100 mil mortos e outros cinco meses para chegar aos 200 mil, marca que foi atingida j\u00e1 em 21 de janeiro. Depois, foram dois meses e meio para alcan\u00e7ar as 300 mil v\u00edtimas.<\/p>\n<p>A confirma\u00e7\u00e3o de 450 mil \u00f3bitos veio apenas 61 dias depois. A marca, incompar\u00e1vel a qualquer outra trag\u00e9dia no Brasil, \u00e9 registrada em meio \u00e0 CPI da Covid, no Senado, que apura poss\u00edvel responsabilidade do governo na condu\u00e7\u00e3o da pandemia, e ao receio provocado pela chegada da variante B.1.617, originada na \u00cdndia. Os primeiros casos foram cofirmados no Maranh\u00e3o.<\/p>\n<p>Em n\u00fameros absolutos, os Estados que registram mais mortes acumuladas por covid-19 s\u00e3o: S\u00e3o Paulo (107.677), Rio de Janeiro (49.539), Minas Gerais (39.128), Rio Grande do Sul (27.468) e Paran\u00e1 (25.418).<\/p>\n<p>Os dados di\u00e1rios do Brasil s\u00e3o do cons\u00f3rcio de ve\u00edculos de imprensa formado por Estad\u00e3o, G1, O Globo, Extra, Folha e UOL em parceria com 27 secretarias estaduais de Sa\u00fade, em balan\u00e7o divulgado \u00e0s 20h.<\/p>\n<p>&nbsp;<\/p>\n<p><strong>Fonte: Terra<\/strong><\/p>\n<p>&nbsp;<\/p>\n","protected":false},"excerpt":{"rendered":"<p>Ap\u00f3s 15 meses de pandemia, o Brasil chegou \u00e0 marca de 450 mil mortos por covid-19 nesta segunda-feira, 24, segundo dados compilados pelo cons\u00f3rcio de ve\u00edculos de imprensa. Com a m\u00e9dia m\u00f3vel de \u00f3bitos ainda em patamar alto e n\u00famero de casos em nova crescente, o Pa\u00eds j\u00e1 acumula 450.026 perdas desde o in\u00edcio da &hellip;<\/p>\n","protected":false},"author":1,"featured_media":15952,"comment_status":"closed","ping_status":"closed","sticky":false,"template":"","format":"standard","meta":{"_jetpack_newsletter_access":"","_jetpack_dont_email_post_to_subs":false,"_jetpack_newsletter_tier_id":0,"_jetpack_memberships_contains_paywalled_content":false,"_jetpack_memberships_contains_paid_content":false,"footnotes":""},"categories":[1],"tags":[],"class_list":["post-15951","post","type-post","status-publish","format-standard","has-post-thumbnail","hentry","category-destaque"],"jetpack_sharing_enabled":true,"jetpack_featured_media_url":"","_links":{"self":[{"href":"https:\/\/www.oparanews.com.br\/index.php\/wp-json\/wp\/v2\/posts\/15951","targetHints":{"allow":["GET"]}}],"collection":[{"href":"https:\/\/www.oparanews.com.br\/index.php\/wp-json\/wp\/v2\/posts"}],"about":[{"href":"https:\/\/www.oparanews.com.br\/index.php\/wp-json\/wp\/v2\/types\/post"}],"author":[{"embeddable":true,"href":"https:\/\/www.oparanews.com.br\/index.php\/wp-json\/wp\/v2\/users\/1"}],"replies":[{"embeddable":true,"href":"https:\/\/www.oparanews.com.br\/index.php\/wp-json\/wp\/v2\/comments?post=15951"}],"version-history":[{"count":0,"href":"https:\/\/www.oparanews.com.br\/index.php\/wp-json\/wp\/v2\/posts\/15951\/revisions"}],"wp:attachment":[{"href":"https:\/\/www.oparanews.com.br\/index.php\/wp-json\/wp\/v2\/media?parent=15951"}],"wp:term":[{"taxonomy":"category","embeddable":true,"href":"https:\/\/www.oparanews.com.br\/index.php\/wp-json\/wp\/v2\/categories?post=15951"},{"taxonomy":"post_tag","embeddable":true,"href":"https:\/\/www.oparanews.com.br\/index.php\/wp-json\/wp\/v2\/tags?post=15951"}],"curies":[{"name":"wp","href":"https:\/\/api.w.org\/{rel}","templated":true}]}}