{"id":15957,"date":"2021-05-25T00:20:14","date_gmt":"2021-05-25T00:20:14","guid":{"rendered":"https:\/\/oparanews.com.br\/?p=15957"},"modified":"2021-05-25T00:20:14","modified_gmt":"2021-05-25T00:20:14","slug":"marinho-desfalca-o-santos-contra-o-barcelona-na-libertadores","status":"publish","type":"post","link":"https:\/\/www.oparanews.com.br\/index.php\/2021\/05\/25\/marinho-desfalca-o-santos-contra-o-barcelona-na-libertadores\/","title":{"rendered":"Marinho desfalca o Santos contra o Barcelona na Libertadores"},"content":{"rendered":"<p>O atacante Marinho est\u00e1 fora do duelo contra o Barcelona-EQU nesta quarta-feira, \u00e0s 21h, em Guayaquil, pela \u00faltima rodada da Fase de Grupos da Copa Libertadores da Am\u00e9rica. O camisa 11 do Peixe ainda n\u00e3o est\u00e1 100% da les\u00e3o muscular na coxa esquerda, que vem o tirando dos \u00faltimos jogos. A informa\u00e7\u00e3o foi inicialmente publicada pela Gazeta Esportiva.<\/p>\n<p>Fora do jogo decisivo, o jogador vai trabalhar durante a semana para ficar \u00e0 disposi\u00e7\u00e3o para os jogos contra Bahia, na estreia no Brasileiro, no dia 29, e contra o Cianorte, na Copa do Brasil, no pr\u00f3ximo dia 1\u00ba. Desde a les\u00e3o contra o Palmeiras, ainda pelo Campeonato Paulista, o jogador perdeu tr\u00eas jogos seguidos.<\/p>\n<p>Al\u00e9m do destaque santista, o Alvinegro Praiano tamb\u00e9m n\u00e3o conta com Jean Mota e Alison, suspensos. O t\u00e9cnico Fernando Diniz, que voltar\u00e1 a comandar o time ap\u00f3s a suspens\u00e3o cumprida contra o The Strongest, pode utilizar Kevin Malthus e Vinicius Balieiro em seus lugares. O meia Lucas Loure\u00e7o, o volante Ivonei e o atacante Marcos Leonardo, caso pense em um time mais ofensivo, tamb\u00e9m s\u00e3o op\u00e7\u00f5es.<\/p>\n<p>O Santos precisa vencer o Barcelona se quiser avan\u00e7ar de fase e torcer para o Boca Juniors n\u00e3o ganhar do The Strongest, em casa. A vaga na Sul-Americana tamb\u00e9m est\u00e1 em jogo. Em caso de derrota para o Barcelona, empate ou vit\u00f3ria do The Strongest contra o Boca elimina o Santos de ambas competi\u00e7\u00f5es.<\/p>\n<p>&nbsp;<\/p>\n<p><strong>Fonte: LANCE<\/strong><\/p>\n<p>&nbsp;<\/p>\n","protected":false},"excerpt":{"rendered":"<p>O atacante Marinho est\u00e1 fora do duelo contra o Barcelona-EQU nesta quarta-feira, \u00e0s 21h, em Guayaquil, pela \u00faltima rodada da Fase de Grupos da Copa Libertadores da Am\u00e9rica. O camisa 11 do Peixe ainda n\u00e3o est\u00e1 100% da les\u00e3o muscular na coxa esquerda, que vem o tirando dos \u00faltimos jogos. A informa\u00e7\u00e3o foi inicialmente publicada &hellip;<\/p>\n","protected":false},"author":1,"featured_media":15958,"comment_status":"closed","ping_status":"closed","sticky":false,"template":"","format":"standard","meta":{"_jetpack_newsletter_access":"","_jetpack_dont_email_post_to_subs":false,"_jetpack_newsletter_tier_id":0,"_jetpack_memberships_contains_paywalled_content":false,"_jetpack_memberships_contains_paid_content":false,"footnotes":""},"categories":[1],"tags":[],"class_list":["post-15957","post","type-post","status-publish","format-standard","has-post-thumbnail","hentry","category-destaque"],"jetpack_sharing_enabled":true,"jetpack_featured_media_url":"","_links":{"self":[{"href":"https:\/\/www.oparanews.com.br\/index.php\/wp-json\/wp\/v2\/posts\/15957","targetHints":{"allow":["GET"]}}],"collection":[{"href":"https:\/\/www.oparanews.com.br\/index.php\/wp-json\/wp\/v2\/posts"}],"about":[{"href":"https:\/\/www.oparanews.com.br\/index.php\/wp-json\/wp\/v2\/types\/post"}],"author":[{"embeddable":true,"href":"https:\/\/www.oparanews.com.br\/index.php\/wp-json\/wp\/v2\/users\/1"}],"replies":[{"embeddable":true,"href":"https:\/\/www.oparanews.com.br\/index.php\/wp-json\/wp\/v2\/comments?post=15957"}],"version-history":[{"count":0,"href":"https:\/\/www.oparanews.com.br\/index.php\/wp-json\/wp\/v2\/posts\/15957\/revisions"}],"wp:attachment":[{"href":"https:\/\/www.oparanews.com.br\/index.php\/wp-json\/wp\/v2\/media?parent=15957"}],"wp:term":[{"taxonomy":"category","embeddable":true,"href":"https:\/\/www.oparanews.com.br\/index.php\/wp-json\/wp\/v2\/categories?post=15957"},{"taxonomy":"post_tag","embeddable":true,"href":"https:\/\/www.oparanews.com.br\/index.php\/wp-json\/wp\/v2\/tags?post=15957"}],"curies":[{"name":"wp","href":"https:\/\/api.w.org\/{rel}","templated":true}]}}