{"id":15963,"date":"2021-05-25T14:31:35","date_gmt":"2021-05-25T14:31:35","guid":{"rendered":"https:\/\/oparanews.com.br\/?p=15963"},"modified":"2021-05-25T14:31:35","modified_gmt":"2021-05-25T14:31:35","slug":"ocupacao-de-uti-covid-passa-de-90-em-mais-da-metade-dos-hospitais-de-maceio","status":"publish","type":"post","link":"https:\/\/www.oparanews.com.br\/index.php\/2021\/05\/25\/ocupacao-de-uti-covid-passa-de-90-em-mais-da-metade-dos-hospitais-de-maceio\/","title":{"rendered":"Ocupa\u00e7\u00e3o de UTI Covid passa de 90% em mais da metade dos hospitais de Macei\u00f3"},"content":{"rendered":"<p>A situa\u00e7\u00e3o da pandemia do coronav\u00edrus se agrava em Alagoas. A \u00faltima atualiza\u00e7\u00e3o do boletim de leitos exclusivos para Covid, feita na segunda-feira (24), mostra que mais da metade dos hospitais de Macei\u00f3 que atendem pelo SUS est\u00e3o com ocupa\u00e7\u00e3o de UTIs acima dos 90%. A situa\u00e7\u00e3o \u00e9 parecida no interior.<\/p>\n<p>Dos nove hospitais com UTI adulto na capital, seis est\u00e3o nesta situa\u00e7\u00e3o, sendo dois com 100%, um com 99% e outro com 98%. No interior, cinco dos dez hospitais atingiram ocupa\u00e7\u00e3o superior a 90%.<\/p>\n<p>A alta na ocupa\u00e7\u00e3o dos leitos de UTI preocupa. Pesquisadores do Observat\u00f3rio Alagoano de Pol\u00edticas P\u00fablicas para Enfrentamento da Covid-19 v\u00eam acompanhando a situa\u00e7\u00e3o e apontam para um crescimento cont\u00ednuo neste indicador.<\/p>\n<p>No \u00faltimo domingo (23), a taxa de ocupa\u00e7\u00e3o das UTIs exclusivas para Covid era 81%, \u00edndice acima do recomendando, que \u00e9 de 70%. Um dia depois, esse \u00edndice subiu para 89%.<\/p>\n<p><strong>Novo decreto \u00e9 divulgado nesta ter\u00e7a-feira<\/strong><\/p>\n<p>A Capacidade Hospitalar Instalada \u00e9 um dos indicadores que norteiam a decis\u00e3o do governo entre flexibilizar ou endurecer as regras do decreto, al\u00e9m da evolu\u00e7\u00e3o dos \u00f3bitos por semana epidemiol\u00f3gica e da taxa de crescimento da Covid-19.<\/p>\n<p>O estado est\u00e1 na fase vermelha do distanciamento social controlado, por\u00e9m, com uma s\u00e9rie de flexibiliza\u00e7\u00f5es das regras previstas no protocolo original.<\/p>\n<p>O atual decreto vence na quarta (26), mas o governo do estado marcou uma coletiva para esta ter\u00e7a (25) para antecipar como ser\u00e1 o novo decreto.<\/p>\n<p>&nbsp;<\/p>\n<p><strong>Fonte: G1\/AL<\/strong><\/p>\n<p>&nbsp;<\/p>\n","protected":false},"excerpt":{"rendered":"<p>A situa\u00e7\u00e3o da pandemia do coronav\u00edrus se agrava em Alagoas. A \u00faltima atualiza\u00e7\u00e3o do boletim de leitos exclusivos para Covid, feita na segunda-feira (24), mostra que mais da metade dos hospitais de Macei\u00f3 que atendem pelo SUS est\u00e3o com ocupa\u00e7\u00e3o de UTIs acima dos 90%. A situa\u00e7\u00e3o \u00e9 parecida no interior. Dos nove hospitais com &hellip;<\/p>\n","protected":false},"author":1,"featured_media":15964,"comment_status":"closed","ping_status":"closed","sticky":false,"template":"","format":"standard","meta":{"_jetpack_newsletter_access":"","_jetpack_dont_email_post_to_subs":false,"_jetpack_newsletter_tier_id":0,"_jetpack_memberships_contains_paywalled_content":false,"_jetpack_memberships_contains_paid_content":false,"footnotes":""},"categories":[1],"tags":[],"class_list":["post-15963","post","type-post","status-publish","format-standard","has-post-thumbnail","hentry","category-destaque"],"jetpack_sharing_enabled":true,"jetpack_featured_media_url":"","_links":{"self":[{"href":"https:\/\/www.oparanews.com.br\/index.php\/wp-json\/wp\/v2\/posts\/15963","targetHints":{"allow":["GET"]}}],"collection":[{"href":"https:\/\/www.oparanews.com.br\/index.php\/wp-json\/wp\/v2\/posts"}],"about":[{"href":"https:\/\/www.oparanews.com.br\/index.php\/wp-json\/wp\/v2\/types\/post"}],"author":[{"embeddable":true,"href":"https:\/\/www.oparanews.com.br\/index.php\/wp-json\/wp\/v2\/users\/1"}],"replies":[{"embeddable":true,"href":"https:\/\/www.oparanews.com.br\/index.php\/wp-json\/wp\/v2\/comments?post=15963"}],"version-history":[{"count":0,"href":"https:\/\/www.oparanews.com.br\/index.php\/wp-json\/wp\/v2\/posts\/15963\/revisions"}],"wp:attachment":[{"href":"https:\/\/www.oparanews.com.br\/index.php\/wp-json\/wp\/v2\/media?parent=15963"}],"wp:term":[{"taxonomy":"category","embeddable":true,"href":"https:\/\/www.oparanews.com.br\/index.php\/wp-json\/wp\/v2\/categories?post=15963"},{"taxonomy":"post_tag","embeddable":true,"href":"https:\/\/www.oparanews.com.br\/index.php\/wp-json\/wp\/v2\/tags?post=15963"}],"curies":[{"name":"wp","href":"https:\/\/api.w.org\/{rel}","templated":true}]}}