{"id":15975,"date":"2021-05-25T15:15:30","date_gmt":"2021-05-25T15:15:30","guid":{"rendered":"https:\/\/oparanews.com.br\/?p=15975"},"modified":"2021-05-25T15:15:30","modified_gmt":"2021-05-25T15:15:30","slug":"prefeitura-de-penedo-inicia-pagamento-do-salario-de-maio","status":"publish","type":"post","link":"https:\/\/www.oparanews.com.br\/index.php\/2021\/05\/25\/prefeitura-de-penedo-inicia-pagamento-do-salario-de-maio\/","title":{"rendered":"Prefeitura de Penedo inicia pagamento do sal\u00e1rio de maio"},"content":{"rendered":"<p>A Prefeitura de Penedo inicia amanh\u00e3 (quarta-feira, 26), o pagamento do sal\u00e1rio de maio para o funcionalismo municipal.<\/p>\n<p>O calend\u00e1rio de quita\u00e7\u00e3o da folha de pessoal ainda dentro do m\u00eas trabalhado \u00e9 um compromisso da gest\u00e3o Crescendo Com Seu Povo.<\/p>\n<p>Nesta quarta, 26, recebe o pessoal classificado como \u2018Demais Secretarias\u2019, identifica\u00e7\u00e3o para quem n\u00e3o atua nas pastas de Sa\u00fade e Educa\u00e7\u00e3o.<\/p>\n<p>Os funcion\u00e1rios das referidas secretarias recebem na quinta-feira, 27, \u2013 data reservada para Educa\u00e7\u00e3o \u2013 e na sexta-feira, 28, dia do pessoal da Sa\u00fade sacar seu merecido vencimento nas ag\u00eancias banc\u00e1rias.<\/p>\n<p><a href=\"https:\/\/oparanews.com.br\/wp-content\/uploads\/2021\/05\/Sem-t\u00edtulo-201.jpg\"><img loading=\"lazy\" decoding=\"async\" class=\"aligncenter size-full wp-image-15977\" src=\"https:\/\/oparanews.com.br\/wp-content\/uploads\/2021\/05\/Sem-t\u00edtulo-201.jpg\" alt=\"\" width=\"866\" height=\"1024\" \/><\/a><\/p>\n<p>Pagar o funcionalismo municipal em dia mostra o respeito do governo Ronaldo Lopes\/Jo\u00e3o Lucas com a classe trabalhadora, pol\u00edtica p\u00fablica que tamb\u00e9m assegura a circula\u00e7\u00e3o de dinheiro em diversos setores do munic\u00edpio, principalmente o com\u00e9rcio.<\/p>\n<p>Servidores da Prefeitura de Penedo nascidos em maio tamb\u00e9m recebem seu 13\u00ba sal\u00e1rio no \u00faltimo dia \u00fatil desta semana.<\/p>\n<p>Quem preferir receber o 13\u00ba somente em dezembro deve informar \u00e0 Secretaria Municipal de Fazenda com, no m\u00ednimo, 90 dias de anteced\u00eancia de sua data de nascimento, conforme previsto na Lei Municipal n\u00ba 1.68\/2019.<\/p>\n<p>&nbsp;<\/p>\n<p><strong>por Fernando Vin\u00edcius \u2013 Decom PMP<\/strong><\/p>\n<p>&nbsp;<\/p>\n","protected":false},"excerpt":{"rendered":"<p>A Prefeitura de Penedo inicia amanh\u00e3 (quarta-feira, 26), o pagamento do sal\u00e1rio de maio para o funcionalismo municipal. O calend\u00e1rio de quita\u00e7\u00e3o da folha de pessoal ainda dentro do m\u00eas trabalhado \u00e9 um compromisso da gest\u00e3o Crescendo Com Seu Povo. Nesta quarta, 26, recebe o pessoal classificado como \u2018Demais Secretarias\u2019, identifica\u00e7\u00e3o para quem n\u00e3o atua &hellip;<\/p>\n","protected":false},"author":1,"featured_media":15976,"comment_status":"closed","ping_status":"closed","sticky":false,"template":"","format":"standard","meta":{"_jetpack_newsletter_access":"","_jetpack_dont_email_post_to_subs":false,"_jetpack_newsletter_tier_id":0,"_jetpack_memberships_contains_paywalled_content":false,"_jetpack_memberships_contains_paid_content":false,"footnotes":""},"categories":[1],"tags":[],"class_list":["post-15975","post","type-post","status-publish","format-standard","has-post-thumbnail","hentry","category-destaque"],"jetpack_sharing_enabled":true,"jetpack_featured_media_url":"","_links":{"self":[{"href":"https:\/\/www.oparanews.com.br\/index.php\/wp-json\/wp\/v2\/posts\/15975","targetHints":{"allow":["GET"]}}],"collection":[{"href":"https:\/\/www.oparanews.com.br\/index.php\/wp-json\/wp\/v2\/posts"}],"about":[{"href":"https:\/\/www.oparanews.com.br\/index.php\/wp-json\/wp\/v2\/types\/post"}],"author":[{"embeddable":true,"href":"https:\/\/www.oparanews.com.br\/index.php\/wp-json\/wp\/v2\/users\/1"}],"replies":[{"embeddable":true,"href":"https:\/\/www.oparanews.com.br\/index.php\/wp-json\/wp\/v2\/comments?post=15975"}],"version-history":[{"count":0,"href":"https:\/\/www.oparanews.com.br\/index.php\/wp-json\/wp\/v2\/posts\/15975\/revisions"}],"wp:attachment":[{"href":"https:\/\/www.oparanews.com.br\/index.php\/wp-json\/wp\/v2\/media?parent=15975"}],"wp:term":[{"taxonomy":"category","embeddable":true,"href":"https:\/\/www.oparanews.com.br\/index.php\/wp-json\/wp\/v2\/categories?post=15975"},{"taxonomy":"post_tag","embeddable":true,"href":"https:\/\/www.oparanews.com.br\/index.php\/wp-json\/wp\/v2\/tags?post=15975"}],"curies":[{"name":"wp","href":"https:\/\/api.w.org\/{rel}","templated":true}]}}