{"id":15979,"date":"2021-05-25T18:53:50","date_gmt":"2021-05-25T18:53:50","guid":{"rendered":"https:\/\/oparanews.com.br\/?p=15979"},"modified":"2021-05-25T18:53:50","modified_gmt":"2021-05-25T18:53:50","slug":"penedo-disponibiliza-vacina-contra-covid-para-pessoas-com-menos-de-60-anos","status":"publish","type":"post","link":"https:\/\/www.oparanews.com.br\/index.php\/2021\/05\/25\/penedo-disponibiliza-vacina-contra-covid-para-pessoas-com-menos-de-60-anos\/","title":{"rendered":"Penedo disponibiliza vacina contra Covid para pessoas com menos de 60 anos"},"content":{"rendered":"<p>Pessoas com menos de 60 anos de idade come\u00e7am a ser vacinadas contra o coronav\u00edrus em Penedo pela Secretaria Municipal de Sa\u00fade (SEMS).<\/p>\n<p>A campanha de imuniza\u00e7\u00e3o que j\u00e1 atendeu mais de 20% da popula\u00e7\u00e3o penedense amplia a assist\u00eancia para quem completou 59 anos a partir desta ter\u00e7a-feira, 25 de maio.<\/p>\n<p>A aplica\u00e7\u00e3o do imunizante acontece na Escola Estadual Ernani M\u00e9ro, no hor\u00e1rio das 07h \u00e0s 17 horas.<\/p>\n<p>A Secretaria de Sa\u00fade de Penedo informa ainda que a redu\u00e7\u00e3o da faixa et\u00e1ria j\u00e1 atender\u00e1 quem tem 58 anos a partir de amanh\u00e3 (quarta-feira, 26) e quem completou 57 anos poder\u00e1 ser vacinado na sexta-feira, 27.<\/p>\n<p>Para ter acesso ao servi\u00e7o, \u00e9 preciso apresentar documento oficial com foto, cart\u00e3o SUS e comprovante de resid\u00eancia.<\/p>\n<p>Al\u00e9m do avan\u00e7o para menores de 60 anos, a SEMS Penedo mant\u00e9m a campanha de vacina\u00e7\u00e3o ainda grupos priorit\u00e1rios.<\/p>\n<p>&nbsp;<\/p>\n<p><strong>por Fernando Vin\u00edcius \u2013 Decom PMP<\/strong><\/p>\n<p>&nbsp;<\/p>\n","protected":false},"excerpt":{"rendered":"<p>Pessoas com menos de 60 anos de idade come\u00e7am a ser vacinadas contra o coronav\u00edrus em Penedo pela Secretaria Municipal de Sa\u00fade (SEMS). A campanha de imuniza\u00e7\u00e3o que j\u00e1 atendeu mais de 20% da popula\u00e7\u00e3o penedense amplia a assist\u00eancia para quem completou 59 anos a partir desta ter\u00e7a-feira, 25 de maio. A aplica\u00e7\u00e3o do imunizante &hellip;<\/p>\n","protected":false},"author":1,"featured_media":15980,"comment_status":"closed","ping_status":"closed","sticky":false,"template":"","format":"standard","meta":{"_jetpack_newsletter_access":"","_jetpack_dont_email_post_to_subs":false,"_jetpack_newsletter_tier_id":0,"_jetpack_memberships_contains_paywalled_content":false,"_jetpack_memberships_contains_paid_content":false,"footnotes":""},"categories":[1],"tags":[],"class_list":["post-15979","post","type-post","status-publish","format-standard","has-post-thumbnail","hentry","category-destaque"],"jetpack_sharing_enabled":true,"jetpack_featured_media_url":"","_links":{"self":[{"href":"https:\/\/www.oparanews.com.br\/index.php\/wp-json\/wp\/v2\/posts\/15979","targetHints":{"allow":["GET"]}}],"collection":[{"href":"https:\/\/www.oparanews.com.br\/index.php\/wp-json\/wp\/v2\/posts"}],"about":[{"href":"https:\/\/www.oparanews.com.br\/index.php\/wp-json\/wp\/v2\/types\/post"}],"author":[{"embeddable":true,"href":"https:\/\/www.oparanews.com.br\/index.php\/wp-json\/wp\/v2\/users\/1"}],"replies":[{"embeddable":true,"href":"https:\/\/www.oparanews.com.br\/index.php\/wp-json\/wp\/v2\/comments?post=15979"}],"version-history":[{"count":0,"href":"https:\/\/www.oparanews.com.br\/index.php\/wp-json\/wp\/v2\/posts\/15979\/revisions"}],"wp:attachment":[{"href":"https:\/\/www.oparanews.com.br\/index.php\/wp-json\/wp\/v2\/media?parent=15979"}],"wp:term":[{"taxonomy":"category","embeddable":true,"href":"https:\/\/www.oparanews.com.br\/index.php\/wp-json\/wp\/v2\/categories?post=15979"},{"taxonomy":"post_tag","embeddable":true,"href":"https:\/\/www.oparanews.com.br\/index.php\/wp-json\/wp\/v2\/tags?post=15979"}],"curies":[{"name":"wp","href":"https:\/\/api.w.org\/{rel}","templated":true}]}}