{"id":15982,"date":"2021-05-25T20:39:20","date_gmt":"2021-05-25T20:39:20","guid":{"rendered":"https:\/\/oparanews.com.br\/?p=15982"},"modified":"2021-05-25T20:39:20","modified_gmt":"2021-05-25T20:39:20","slug":"estao-abertas-as-inscricoes-para-mais-de-700-vagas-de-estagio-no-governo-de-alagoas","status":"publish","type":"post","link":"https:\/\/www.oparanews.com.br\/index.php\/2021\/05\/25\/estao-abertas-as-inscricoes-para-mais-de-700-vagas-de-estagio-no-governo-de-alagoas\/","title":{"rendered":"Est\u00e3o abertas as inscri\u00e7\u00f5es para mais de 700 vagas de est\u00e1gio no governo de Alagoas"},"content":{"rendered":"<p>A Secretaria do Planejamento, Gest\u00e3o e Patrim\u00f4nio (Seplag) abriu, nesta ter\u00e7a-feira (25), as inscri\u00e7\u00f5es para um programa de est\u00e1gio do Governo de Alagoas. S\u00e3o mais de 700 vagas para estudantes que est\u00e3o cursando o ensino superior e que querem trabalhar em um per\u00edodo de at\u00e9 dois anos em setores da gest\u00e3o p\u00fablica do estado.<\/p>\n<p>As inscri\u00e7\u00f5es terminam no dia 20 de junho e devem ser feitas por meio do site do programa.<\/p>\n<p><a href=\"https:\/\/pontape.al.gov.br\/\"><strong>Clique aqui para se inscrever no processo seletivo<\/strong><\/a><\/p>\n<p>Os interessados que estejam cursando o segundo ano, para cursos de periodicidade anual, ou que estejam no terceiro semestre, em caso de curso de periodicidade semestral, podem participar do processo seletivo.<\/p>\n<p>De acordo com a secretaria, o programa de est\u00e1gio conta com mais de 15 institui\u00e7\u00f5es de ensino cadastradas e \u00e9 v\u00e1lida para gradua\u00e7\u00f5es presenciais ou \u00e0 dist\u00e2ncia. Os selecionados v\u00e3o receber um sal\u00e1rio m\u00ednimo e aux\u00edlio transporte.<\/p>\n<p>As vagas para os est\u00e1gios s\u00e3o para ampla concorr\u00eancia, Pessoa com Defici\u00eancia (PcD), usu\u00e1rios do Cad\u00danico e para estudantes que cursaram todo o ensino m\u00e9dio na rede p\u00fablica de ensino ou em escolas particulares com bolsa integral.<\/p>\n<p>\u201cS\u00e3o muitas oportunidades em diversas \u00e1reas de atua\u00e7\u00e3o. Os estudantes selecionados receber\u00e3o, por um per\u00edodo de at\u00e9 dois anos, um sal\u00e1rio m\u00ednimo e aux\u00edlio transporte. \u00c9 importante frisar que esse \u00e9 um programa que tamb\u00e9m vem como uma pol\u00edtica afirmativa muito forte, j\u00e1 que destina a maior parte das vagas \u00e0queles que mais precisam, algo bastante representativo principalmente nesse momento de pandemia\u201d, disse o secret\u00e1rio titular da Seplag, Fabr\u00edcio Marques Santos.<\/p>\n<p>&nbsp;<\/p>\n<p><strong>Fonte: G1\/AL<\/strong><\/p>\n<p>&nbsp;<\/p>\n","protected":false},"excerpt":{"rendered":"<p>A Secretaria do Planejamento, Gest\u00e3o e Patrim\u00f4nio (Seplag) abriu, nesta ter\u00e7a-feira (25), as inscri\u00e7\u00f5es para um programa de est\u00e1gio do Governo de Alagoas. S\u00e3o mais de 700 vagas para estudantes que est\u00e3o cursando o ensino superior e que querem trabalhar em um per\u00edodo de at\u00e9 dois anos em setores da gest\u00e3o p\u00fablica do estado. As &hellip;<\/p>\n","protected":false},"author":1,"featured_media":15983,"comment_status":"closed","ping_status":"closed","sticky":false,"template":"","format":"standard","meta":{"_jetpack_newsletter_access":"","_jetpack_dont_email_post_to_subs":false,"_jetpack_newsletter_tier_id":0,"_jetpack_memberships_contains_paywalled_content":false,"_jetpack_memberships_contains_paid_content":false,"footnotes":""},"categories":[1],"tags":[],"class_list":["post-15982","post","type-post","status-publish","format-standard","has-post-thumbnail","hentry","category-destaque"],"jetpack_sharing_enabled":true,"jetpack_featured_media_url":"","_links":{"self":[{"href":"https:\/\/www.oparanews.com.br\/index.php\/wp-json\/wp\/v2\/posts\/15982","targetHints":{"allow":["GET"]}}],"collection":[{"href":"https:\/\/www.oparanews.com.br\/index.php\/wp-json\/wp\/v2\/posts"}],"about":[{"href":"https:\/\/www.oparanews.com.br\/index.php\/wp-json\/wp\/v2\/types\/post"}],"author":[{"embeddable":true,"href":"https:\/\/www.oparanews.com.br\/index.php\/wp-json\/wp\/v2\/users\/1"}],"replies":[{"embeddable":true,"href":"https:\/\/www.oparanews.com.br\/index.php\/wp-json\/wp\/v2\/comments?post=15982"}],"version-history":[{"count":0,"href":"https:\/\/www.oparanews.com.br\/index.php\/wp-json\/wp\/v2\/posts\/15982\/revisions"}],"wp:attachment":[{"href":"https:\/\/www.oparanews.com.br\/index.php\/wp-json\/wp\/v2\/media?parent=15982"}],"wp:term":[{"taxonomy":"category","embeddable":true,"href":"https:\/\/www.oparanews.com.br\/index.php\/wp-json\/wp\/v2\/categories?post=15982"},{"taxonomy":"post_tag","embeddable":true,"href":"https:\/\/www.oparanews.com.br\/index.php\/wp-json\/wp\/v2\/tags?post=15982"}],"curies":[{"name":"wp","href":"https:\/\/api.w.org\/{rel}","templated":true}]}}