{"id":15988,"date":"2021-05-26T00:10:45","date_gmt":"2021-05-26T00:10:45","guid":{"rendered":"https:\/\/oparanews.com.br\/?p=15988"},"modified":"2021-05-26T00:10:45","modified_gmt":"2021-05-26T00:10:45","slug":"mais-tres-obitos-sao-registrados-em-penedo-e-o-total-chega-a-49-nesta-pandemia","status":"publish","type":"post","link":"https:\/\/www.oparanews.com.br\/index.php\/2021\/05\/26\/mais-tres-obitos-sao-registrados-em-penedo-e-o-total-chega-a-49-nesta-pandemia\/","title":{"rendered":"Mais tr\u00eas \u00f3bitos s\u00e3o registrados em Penedo e o total chega a 49 nesta Pandemia"},"content":{"rendered":"<p>No Boletim Epidemiol\u00f3gico da Secretaria Estadual da Sa\u00fade de Alagoas, desta ter\u00e7a-feira, 25, registrou mais tr\u00eas \u00f3bitos por Covid-19 em Penedo.<\/p>\n<p>Segundo o Boletim, as mortes foram de tr\u00eas mulheres entre 75 e 89 anos. Com isso, Penedo chegou ao tr\u00e1gico n\u00famero de 49 \u00f3bitos por Covid-19 desde o in\u00edcio da Pandemia.<\/p>\n<p>As tr\u00eas mulheres que vieram a \u00f3bito tinham comorbidades, veja abaixo:<\/p>\n<ul>\n<li>Mulher, 75 anos &#8211; com doen\u00e7a cardiovascular cr\u00f4nica;<\/li>\n<li>Mulher, 83 anos &#8211; com doen\u00e7a cardiovascular cr\u00f4nica e diab\u00e9tica;<\/li>\n<li>Mulher, 89 anos &#8211; com doen\u00e7a cardiovascular cr\u00f4nica.<\/li>\n<\/ul>\n<p>Confira <a href=\"https:\/\/www.saude.al.gov.br\/wp-content\/uploads\/2021\/05\/Informe-Epidemiologico-COVID-19-no-445-25-05-2021.pdf\"><strong>AQUI<\/strong><\/a> o Boletim Estadual onde pode observar o avan\u00e7o da Pandemia em Penedo e em todo o Estado.<\/p>\n<p>&nbsp;<\/p>\n<p><strong>por Reda\u00e7\u00e3o<\/strong><\/p>\n<p>&nbsp;<\/p>\n","protected":false},"excerpt":{"rendered":"<p>No Boletim Epidemiol\u00f3gico da Secretaria Estadual da Sa\u00fade de Alagoas, desta ter\u00e7a-feira, 25, registrou mais tr\u00eas \u00f3bitos por Covid-19 em Penedo. Segundo o Boletim, as mortes foram de tr\u00eas mulheres entre 75 e 89 anos. Com isso, Penedo chegou ao tr\u00e1gico n\u00famero de 49 \u00f3bitos por Covid-19 desde o in\u00edcio da Pandemia. As tr\u00eas mulheres &hellip;<\/p>\n","protected":false},"author":1,"featured_media":15990,"comment_status":"closed","ping_status":"closed","sticky":false,"template":"","format":"standard","meta":{"_jetpack_newsletter_access":"","_jetpack_dont_email_post_to_subs":false,"_jetpack_newsletter_tier_id":0,"_jetpack_memberships_contains_paywalled_content":false,"_jetpack_memberships_contains_paid_content":false,"footnotes":""},"categories":[1],"tags":[],"class_list":["post-15988","post","type-post","status-publish","format-standard","has-post-thumbnail","hentry","category-destaque"],"jetpack_sharing_enabled":true,"jetpack_featured_media_url":"","_links":{"self":[{"href":"https:\/\/www.oparanews.com.br\/index.php\/wp-json\/wp\/v2\/posts\/15988","targetHints":{"allow":["GET"]}}],"collection":[{"href":"https:\/\/www.oparanews.com.br\/index.php\/wp-json\/wp\/v2\/posts"}],"about":[{"href":"https:\/\/www.oparanews.com.br\/index.php\/wp-json\/wp\/v2\/types\/post"}],"author":[{"embeddable":true,"href":"https:\/\/www.oparanews.com.br\/index.php\/wp-json\/wp\/v2\/users\/1"}],"replies":[{"embeddable":true,"href":"https:\/\/www.oparanews.com.br\/index.php\/wp-json\/wp\/v2\/comments?post=15988"}],"version-history":[{"count":0,"href":"https:\/\/www.oparanews.com.br\/index.php\/wp-json\/wp\/v2\/posts\/15988\/revisions"}],"wp:attachment":[{"href":"https:\/\/www.oparanews.com.br\/index.php\/wp-json\/wp\/v2\/media?parent=15988"}],"wp:term":[{"taxonomy":"category","embeddable":true,"href":"https:\/\/www.oparanews.com.br\/index.php\/wp-json\/wp\/v2\/categories?post=15988"},{"taxonomy":"post_tag","embeddable":true,"href":"https:\/\/www.oparanews.com.br\/index.php\/wp-json\/wp\/v2\/tags?post=15988"}],"curies":[{"name":"wp","href":"https:\/\/api.w.org\/{rel}","templated":true}]}}