{"id":15999,"date":"2021-05-26T00:44:50","date_gmt":"2021-05-26T00:44:50","guid":{"rendered":"https:\/\/oparanews.com.br\/?p=15999"},"modified":"2021-05-26T00:44:50","modified_gmt":"2021-05-26T00:44:50","slug":"corinthians-sylvinho-se-diz-pronto-e-nao-espera-reforcos","status":"publish","type":"post","link":"https:\/\/www.oparanews.com.br\/index.php\/2021\/05\/26\/corinthians-sylvinho-se-diz-pronto-e-nao-espera-reforcos\/","title":{"rendered":"Corinthians: Sylvinho se diz pronto e n\u00e3o espera refor\u00e7os"},"content":{"rendered":"<p>Em sua primeira experi\u00eancia como treinador no futebol brasileiro, justamente no clube que o revelou como jogador, na d\u00e9cada de 90, e onde ele foi auxiliar t\u00e9cnico entre 2013 e 2014, o treinado admitiu que \u00e9 acelerado.<\/p>\n<p>&#8220;Ser pilhado no futebol \u00e9 n\u00e3o perder tempo. N\u00e3o temos tempo para perder. Futebol exige um alto n\u00edvel de concentra\u00e7\u00e3o, entrega, \u00e9 estar atento a tudo, absorvendo tudo. O atleta \u00e9 inteligente. Eu n\u00e3o perco tempo. Sou pilhado, porque entendo as coisas assim. Meu ritmo, a minha forma de ser. Sou inquieto, pilhado, \u00e9 uma das minhas caracter\u00edsticas. No futebol, isso sempre serviu para mim. Na vida cotidiana, passo um pouco do ponto&#8221;, disse o treinador em entrevista coletiva virtual concedida nesta segunda-feira (25).<\/p>\n<p>Sem trabalhar no cotidiano de uma equipe de futebol desde que foi demitido do Lyon, em outubro de 2019, Sylvinho depositou as suas energias assistindo o futebol, mas destaca a import\u00e2ncia da sua fam\u00edlia neste per\u00edodo, garantindo que, a partir de agora, a dedica\u00e7\u00e3o ser\u00e1 total ao trabalho.<\/p>\n<p>&#8220;N\u00f3s n\u00e3o ficamos sem trabalhar. A gente n\u00e3o para. S\u00e3o 13, 14 jogos em um fim de semana. S\u00e3o diferentes campeonatos, tend\u00eancias, treinadores jovens, observando os mais experientes e o que est\u00e3o fazendo. Obvio que n\u00e3o temos o campo, o que \u00e9 uma dificuldade. Mas eu tenho uma vantagem muito grande, minha fam\u00edlia sabe disso, que quando eu estou trabalhando \u00e9 trabalho, mas quando estou fora do trabalho sei ter uma vida social, com a minha esposa&#8221;, afirmou Sylvinho.<\/p>\n<p>&#8220;N\u00e3o sou murmurador, n\u00e3o sou o que fica esperando a semana que em para acontecer, a minha constru\u00e7\u00e3o de carreira foi assim. Passei por poucos clubes, me identifiquei, tenho portas abertas em todos eles. Nesse caso agora \u00e9 ao contr\u00e1rio, esque\u00e7o a fam\u00edlia e \u00e9 trabalho manh\u00e3, tarde e noite, porque sabemos que a demanda \u00e9 grande&#8221;, acrescentou.<\/p>\n<p><strong>Pronto para o Corinthians<\/strong><\/p>\n<p>Revelado pelo Corinthians, onde atuou entre 1995 e 1999, antes de ter uma carreira vasta na Europa, em clubes como Arsenal (ING) e Barcelona (ESP), Sylvinho come\u00e7ou a sua carreira em comiss\u00f5es t\u00e9cnicas brasileiras, passando por Cruzeiro, Sport, N\u00e1utico e pelo pr\u00f3prio Corinthians, onde trabalhou nas equipes de Mano Menezes e Tite, com quem tamb\u00e9m trabalhou na Sele\u00e7\u00e3o Brasileira.<\/p>\n<p>Na Europa, foram trabalhos com auxiliar da Inter de Mil\u00e3o, junto ao italiano Roberto Mancini, e a sua primeira experi\u00eancia como t\u00e9cnico efetivo, pelo Lyon, em 2019.<\/p>\n<p>Agora, o desafio ser\u00e1 treinar o primeiro time brasileiro, e justamente uma equipe de massa, como o Corinthians.<\/p>\n<p>&#8220;O presidente e a diretoria do Corinthians me ligaram e eu duvido que eles n\u00e3o acreditem que eu estava pronto. Estou pronto para essa massa que \u00e9 o Corinthians&#8221;, exclamou Sylvinho.<\/p>\n<p><strong>Sem refor\u00e7os<\/strong><\/p>\n<p>Sylvinho chega ao Corinthians entendendo a realidade financeira do clube, envolto em d\u00edvidas e que n\u00e3o deve fazer grandes investimentos com refor\u00e7os.<\/p>\n<p>&#8220;Ficou muito claro para mim que o cen\u00e1rio \u00e9 positivo, em conversa r\u00e1pida com diretores. Entendemos o omento do clube, sabemos que \u00e9 um ano que dificilmente ter\u00e1 contrata\u00e7\u00e3o, talvez pontualmente, mas est\u00e1 nas m\u00e3os dos diretores se isso eventualmente ocorrer. Entendemos o momento, reconhecemos que o grupo \u00e9 bom e vamos trabalhar com esse grupo&#8221;.<\/p>\n<p>O novo t\u00e9cnico do Corinthians n\u00e3o estar\u00e1 no banco de reservas nesta quarta-feira (26), quando clube enfrenta o River Plate (PAR), na Neo Qu\u00edmica Arena, pela \u00faltima rodada do grupo E da Copa Sul-Americana. A estreia deve ocorrer no domingo (30), \u00e0s 18h15, quando o Tim\u00e3o encara o Atl\u00e9tico-GO, pela estreia do Campeonato Brasileiro, tamb\u00e9m em Itaquera.<\/p>\n<p>&nbsp;<\/p>\n<p><strong>Fonte: LANCE<\/strong><\/p>\n<p>&nbsp;<\/p>\n","protected":false},"excerpt":{"rendered":"<p>Em sua primeira experi\u00eancia como treinador no futebol brasileiro, justamente no clube que o revelou como jogador, na d\u00e9cada de 90, e onde ele foi auxiliar t\u00e9cnico entre 2013 e 2014, o treinado admitiu que \u00e9 acelerado. &#8220;Ser pilhado no futebol \u00e9 n\u00e3o perder tempo. N\u00e3o temos tempo para perder. Futebol exige um alto n\u00edvel &hellip;<\/p>\n","protected":false},"author":1,"featured_media":16000,"comment_status":"closed","ping_status":"closed","sticky":false,"template":"","format":"standard","meta":{"_jetpack_newsletter_access":"","_jetpack_dont_email_post_to_subs":false,"_jetpack_newsletter_tier_id":0,"_jetpack_memberships_contains_paywalled_content":false,"_jetpack_memberships_contains_paid_content":false,"footnotes":""},"categories":[1],"tags":[],"class_list":["post-15999","post","type-post","status-publish","format-standard","has-post-thumbnail","hentry","category-destaque"],"jetpack_sharing_enabled":true,"jetpack_featured_media_url":"","_links":{"self":[{"href":"https:\/\/www.oparanews.com.br\/index.php\/wp-json\/wp\/v2\/posts\/15999","targetHints":{"allow":["GET"]}}],"collection":[{"href":"https:\/\/www.oparanews.com.br\/index.php\/wp-json\/wp\/v2\/posts"}],"about":[{"href":"https:\/\/www.oparanews.com.br\/index.php\/wp-json\/wp\/v2\/types\/post"}],"author":[{"embeddable":true,"href":"https:\/\/www.oparanews.com.br\/index.php\/wp-json\/wp\/v2\/users\/1"}],"replies":[{"embeddable":true,"href":"https:\/\/www.oparanews.com.br\/index.php\/wp-json\/wp\/v2\/comments?post=15999"}],"version-history":[{"count":0,"href":"https:\/\/www.oparanews.com.br\/index.php\/wp-json\/wp\/v2\/posts\/15999\/revisions"}],"wp:attachment":[{"href":"https:\/\/www.oparanews.com.br\/index.php\/wp-json\/wp\/v2\/media?parent=15999"}],"wp:term":[{"taxonomy":"category","embeddable":true,"href":"https:\/\/www.oparanews.com.br\/index.php\/wp-json\/wp\/v2\/categories?post=15999"},{"taxonomy":"post_tag","embeddable":true,"href":"https:\/\/www.oparanews.com.br\/index.php\/wp-json\/wp\/v2\/tags?post=15999"}],"curies":[{"name":"wp","href":"https:\/\/api.w.org\/{rel}","templated":true}]}}