{"id":16002,"date":"2021-05-26T13:16:04","date_gmt":"2021-05-26T13:16:04","guid":{"rendered":"https:\/\/oparanews.com.br\/?p=16002"},"modified":"2021-05-26T13:16:04","modified_gmt":"2021-05-26T13:16:04","slug":"semed-penedo-capacita-professores-para-novo-programa-em-educacao-fisica","status":"publish","type":"post","link":"https:\/\/www.oparanews.com.br\/index.php\/2021\/05\/26\/semed-penedo-capacita-professores-para-novo-programa-em-educacao-fisica\/","title":{"rendered":"Semed Penedo capacita professores para novo programa em Educa\u00e7\u00e3o F\u00edsica"},"content":{"rendered":"<p>Professores de Educa\u00e7\u00e3o F\u00edsica e profissionais da Pedagogia da Secretaria Municipal de Educa\u00e7\u00e3o (Semed) de Penedo ganharam mais uma forma\u00e7\u00e3o profissional em seu curr\u00edculo.<\/p>\n<p>As categorias est\u00e3o capacitadas para desenvolver o Programa Cultivar, iniciativa que amplia o acesso de crian\u00e7as e estudantes em diferentes pr\u00e1ticas desportivas e mant\u00e9m o foco na forma\u00e7\u00e3o pessoal, f\u00edsica e mental, atrav\u00e9s do esporte.<\/p>\n<p>Basquete, v\u00f4lei, futsal, futebol de campo, atletismo est\u00e3o no curr\u00edculo do programa que tamb\u00e9m inclui xadrez e novidades para alunos e alunas: o h\u00f3quei de quadra e o badminton, uma varia\u00e7\u00e3o do t\u00eanis que j\u00e1 \u00e9 modalidade ol\u00edmpica.<\/p>\n<p>A capacita\u00e7\u00e3o do programa em Penedo ficou a cargo do professor Marcos Ant\u00f4nio Fari J\u00fanior, coordenador pedag\u00f3gico da Guarani Sport, institui\u00e7\u00e3o especializada em pedagogia esportiva e esporte educacional.<\/p>\n<p>\u201cO nosso objetivo aqui \u00e9 fazer com que os professores possam despertar nas crian\u00e7as o gosto pelo esporte, o gosto pela atividade f\u00edsica atrav\u00e9s do ensino l\u00fadico e inclusivo, e tamb\u00e9m para que a gente possa educar a crian\u00e7a atrav\u00e9s do esporte\u201d, afirmou Marcos Ant\u00f4nio.<\/p>\n<p>O treinamento sobre o Programa Cultivar foi conclu\u00eddo na tarde de ontem (ter\u00e7a-feira, 25), por meio de videoconfer\u00eancia para pedagogos e professores de Educa\u00e7\u00e3o F\u00edsica da Semed.<\/p>\n<p>A Secret\u00e1ria C\u00edntya Alves agradece a participa\u00e7\u00e3o de todos na capacita\u00e7\u00e3o e ressalta que \u201ctodas as nossas escolas receberam os materiais esportivos\u201d, equipamentos \u00e0 disposi\u00e7\u00e3o de alunos e alunas da rede p\u00fablica municipal de Penedo assim que for poss\u00edvel a retomada das aulas presenciais.<\/p>\n<p>&nbsp;<\/p>\n<p><strong>por Fernando Vin\u00edcius &#8211; Decom PMP<\/strong><\/p>\n<p>&nbsp;<\/p>\n","protected":false},"excerpt":{"rendered":"<p>Professores de Educa\u00e7\u00e3o F\u00edsica e profissionais da Pedagogia da Secretaria Municipal de Educa\u00e7\u00e3o (Semed) de Penedo ganharam mais uma forma\u00e7\u00e3o profissional em seu curr\u00edculo. As categorias est\u00e3o capacitadas para desenvolver o Programa Cultivar, iniciativa que amplia o acesso de crian\u00e7as e estudantes em diferentes pr\u00e1ticas desportivas e mant\u00e9m o foco na forma\u00e7\u00e3o pessoal, f\u00edsica e &hellip;<\/p>\n","protected":false},"author":1,"featured_media":16003,"comment_status":"closed","ping_status":"closed","sticky":false,"template":"","format":"standard","meta":{"_jetpack_newsletter_access":"","_jetpack_dont_email_post_to_subs":false,"_jetpack_newsletter_tier_id":0,"_jetpack_memberships_contains_paywalled_content":false,"_jetpack_memberships_contains_paid_content":false,"footnotes":""},"categories":[1],"tags":[],"class_list":["post-16002","post","type-post","status-publish","format-standard","has-post-thumbnail","hentry","category-destaque"],"jetpack_sharing_enabled":true,"jetpack_featured_media_url":"","_links":{"self":[{"href":"https:\/\/www.oparanews.com.br\/index.php\/wp-json\/wp\/v2\/posts\/16002","targetHints":{"allow":["GET"]}}],"collection":[{"href":"https:\/\/www.oparanews.com.br\/index.php\/wp-json\/wp\/v2\/posts"}],"about":[{"href":"https:\/\/www.oparanews.com.br\/index.php\/wp-json\/wp\/v2\/types\/post"}],"author":[{"embeddable":true,"href":"https:\/\/www.oparanews.com.br\/index.php\/wp-json\/wp\/v2\/users\/1"}],"replies":[{"embeddable":true,"href":"https:\/\/www.oparanews.com.br\/index.php\/wp-json\/wp\/v2\/comments?post=16002"}],"version-history":[{"count":0,"href":"https:\/\/www.oparanews.com.br\/index.php\/wp-json\/wp\/v2\/posts\/16002\/revisions"}],"wp:attachment":[{"href":"https:\/\/www.oparanews.com.br\/index.php\/wp-json\/wp\/v2\/media?parent=16002"}],"wp:term":[{"taxonomy":"category","embeddable":true,"href":"https:\/\/www.oparanews.com.br\/index.php\/wp-json\/wp\/v2\/categories?post=16002"},{"taxonomy":"post_tag","embeddable":true,"href":"https:\/\/www.oparanews.com.br\/index.php\/wp-json\/wp\/v2\/tags?post=16002"}],"curies":[{"name":"wp","href":"https:\/\/api.w.org\/{rel}","templated":true}]}}