{"id":16005,"date":"2021-05-26T13:24:39","date_gmt":"2021-05-26T13:24:39","guid":{"rendered":"https:\/\/oparanews.com.br\/?p=16005"},"modified":"2021-05-26T13:24:39","modified_gmt":"2021-05-26T13:24:39","slug":"roberto-carlos-recebe-a-2a-dose-da-vacina-contra-a-covid","status":"publish","type":"post","link":"https:\/\/www.oparanews.com.br\/index.php\/2021\/05\/26\/roberto-carlos-recebe-a-2a-dose-da-vacina-contra-a-covid\/","title":{"rendered":"Roberto Carlos recebe a 2\u00aa dose da vacina contra a Covid"},"content":{"rendered":"<p>Os milh\u00f5es de f\u00e3s de Roberto Carlos j\u00e1 podem ficar um pouco mais aliviados. O cantor, de 80 anos, tomou nesta ter\u00e7a-feira, 25, a segunda dose da vacina contra a Covid-19 e est\u00e1 imunizado. O Rei compartilhou o momento da vacina\u00e7\u00e3o, assim como tantos brasileiros, em seu perfil oficial no Instagram.<\/p>\n<p>De bon\u00e9, \u00f3culos de grau e m\u00e1scara de prote\u00e7\u00e3o, Roberto Carlos nem saiu do carro, um Audi que faz parte de sua cole\u00e7\u00e3o de autom\u00f3veis.<\/p>\n<p>Roberto ouviu as recomenda\u00e7\u00f5es da enfermeira, que o avisou do preparo da seringa, e respondeu com bom humor, que n\u00e3o tinha sentido dor, e mandou o recado: \u201cVacina sim! Todo mundo tem que vacinar, por favor\u201d.<\/p>\n<p>&nbsp;<\/p>\n<p><strong>Fonte: Extra Online<\/strong><\/p>\n<p>&nbsp;<\/p>\n","protected":false},"excerpt":{"rendered":"<p>Os milh\u00f5es de f\u00e3s de Roberto Carlos j\u00e1 podem ficar um pouco mais aliviados. O cantor, de 80 anos, tomou nesta ter\u00e7a-feira, 25, a segunda dose da vacina contra a Covid-19 e est\u00e1 imunizado. O Rei compartilhou o momento da vacina\u00e7\u00e3o, assim como tantos brasileiros, em seu perfil oficial no Instagram. De bon\u00e9, \u00f3culos de &hellip;<\/p>\n","protected":false},"author":1,"featured_media":16006,"comment_status":"closed","ping_status":"closed","sticky":false,"template":"","format":"standard","meta":{"_jetpack_newsletter_access":"","_jetpack_dont_email_post_to_subs":false,"_jetpack_newsletter_tier_id":0,"_jetpack_memberships_contains_paywalled_content":false,"_jetpack_memberships_contains_paid_content":false,"footnotes":""},"categories":[1],"tags":[],"class_list":["post-16005","post","type-post","status-publish","format-standard","has-post-thumbnail","hentry","category-destaque"],"jetpack_sharing_enabled":true,"jetpack_featured_media_url":"","_links":{"self":[{"href":"https:\/\/www.oparanews.com.br\/index.php\/wp-json\/wp\/v2\/posts\/16005","targetHints":{"allow":["GET"]}}],"collection":[{"href":"https:\/\/www.oparanews.com.br\/index.php\/wp-json\/wp\/v2\/posts"}],"about":[{"href":"https:\/\/www.oparanews.com.br\/index.php\/wp-json\/wp\/v2\/types\/post"}],"author":[{"embeddable":true,"href":"https:\/\/www.oparanews.com.br\/index.php\/wp-json\/wp\/v2\/users\/1"}],"replies":[{"embeddable":true,"href":"https:\/\/www.oparanews.com.br\/index.php\/wp-json\/wp\/v2\/comments?post=16005"}],"version-history":[{"count":0,"href":"https:\/\/www.oparanews.com.br\/index.php\/wp-json\/wp\/v2\/posts\/16005\/revisions"}],"wp:attachment":[{"href":"https:\/\/www.oparanews.com.br\/index.php\/wp-json\/wp\/v2\/media?parent=16005"}],"wp:term":[{"taxonomy":"category","embeddable":true,"href":"https:\/\/www.oparanews.com.br\/index.php\/wp-json\/wp\/v2\/categories?post=16005"},{"taxonomy":"post_tag","embeddable":true,"href":"https:\/\/www.oparanews.com.br\/index.php\/wp-json\/wp\/v2\/tags?post=16005"}],"curies":[{"name":"wp","href":"https:\/\/api.w.org\/{rel}","templated":true}]}}