{"id":16011,"date":"2021-05-27T00:14:39","date_gmt":"2021-05-27T00:14:39","guid":{"rendered":"https:\/\/oparanews.com.br\/?p=16011"},"modified":"2021-05-27T00:14:39","modified_gmt":"2021-05-27T00:14:39","slug":"apos-requerimento-do-vereador-dr-epson-motoristas-e-mototaxistas-sao-vacinados-em-penedo","status":"publish","type":"post","link":"https:\/\/www.oparanews.com.br\/index.php\/2021\/05\/27\/apos-requerimento-do-vereador-dr-epson-motoristas-e-mototaxistas-sao-vacinados-em-penedo\/","title":{"rendered":"Ap\u00f3s requerimento do vereador Dr. Epson, motoristas de \u00f4nibus e cobradores s\u00e3o vacinados em Penedo"},"content":{"rendered":"<p>O vereador e m\u00e9dico Dr. Epson vem trabalhando incansavelmente em benef\u00edcio da popula\u00e7\u00e3o penedense. V\u00e1rios requerimentos apresentados pelo edil s\u00e3o prontamente aprovados em plen\u00e1rio e atendidos pelo gestor municipal.<\/p>\n<p>Com o avan\u00e7o da vacina\u00e7\u00e3o em Penedo, Dr. Epson observou que alguns &#8220;grupos&#8221; precisavam de uma aten\u00e7\u00e3o melhor e deveriam ter prioridade na plano municipal de imuniza\u00e7\u00e3o, pois o contato com as pessoas acontece diariamente. S\u00e3o eles: motoristas de transporte coletivo, cobradores, motot\u00e1xi, taxistas, motoristas de vans e \u00f4nibus.<\/p>\n<p>Ap\u00f3s a aprova\u00e7\u00e3o do requerimento, nesta semana os motoristas de \u00f4nibus e cobradores come\u00e7aram a ser imunizados trazendo assim um al\u00edvio e ao mesmo tempo esperan\u00e7a para quem vem exercendo corajosamente suas fun\u00e7\u00f5es para atender a popula\u00e7\u00e3o.<\/p>\n<p>&nbsp;<\/p>\n<p><strong>por Reda\u00e7\u00e3o<\/strong><\/p>\n<p><a href=\"https:\/\/oparanews.com.br\/wp-content\/uploads\/2021\/05\/IMG-20210524-WA0103.jpg\"><img loading=\"lazy\" decoding=\"async\" class=\"alignleft size-medium wp-image-16017\" src=\"https:\/\/oparanews.com.br\/wp-content\/uploads\/2021\/05\/IMG-20210524-WA0103-218x300.jpg\" alt=\"\" width=\"218\" height=\"300\" \/><\/a><\/p>\n","protected":false},"excerpt":{"rendered":"<p>O vereador e m\u00e9dico Dr. Epson vem trabalhando incansavelmente em benef\u00edcio da popula\u00e7\u00e3o penedense. V\u00e1rios requerimentos apresentados pelo edil s\u00e3o prontamente aprovados em plen\u00e1rio e atendidos pelo gestor municipal. Com o avan\u00e7o da vacina\u00e7\u00e3o em Penedo, Dr. Epson observou que alguns &#8220;grupos&#8221; precisavam de uma aten\u00e7\u00e3o melhor e deveriam ter prioridade na plano municipal de &hellip;<\/p>\n","protected":false},"author":1,"featured_media":16016,"comment_status":"closed","ping_status":"closed","sticky":false,"template":"","format":"standard","meta":{"_jetpack_newsletter_access":"","_jetpack_dont_email_post_to_subs":false,"_jetpack_newsletter_tier_id":0,"_jetpack_memberships_contains_paywalled_content":false,"_jetpack_memberships_contains_paid_content":false,"footnotes":""},"categories":[1],"tags":[],"class_list":["post-16011","post","type-post","status-publish","format-standard","has-post-thumbnail","hentry","category-destaque"],"jetpack_sharing_enabled":true,"jetpack_featured_media_url":"","_links":{"self":[{"href":"https:\/\/www.oparanews.com.br\/index.php\/wp-json\/wp\/v2\/posts\/16011","targetHints":{"allow":["GET"]}}],"collection":[{"href":"https:\/\/www.oparanews.com.br\/index.php\/wp-json\/wp\/v2\/posts"}],"about":[{"href":"https:\/\/www.oparanews.com.br\/index.php\/wp-json\/wp\/v2\/types\/post"}],"author":[{"embeddable":true,"href":"https:\/\/www.oparanews.com.br\/index.php\/wp-json\/wp\/v2\/users\/1"}],"replies":[{"embeddable":true,"href":"https:\/\/www.oparanews.com.br\/index.php\/wp-json\/wp\/v2\/comments?post=16011"}],"version-history":[{"count":0,"href":"https:\/\/www.oparanews.com.br\/index.php\/wp-json\/wp\/v2\/posts\/16011\/revisions"}],"wp:attachment":[{"href":"https:\/\/www.oparanews.com.br\/index.php\/wp-json\/wp\/v2\/media?parent=16011"}],"wp:term":[{"taxonomy":"category","embeddable":true,"href":"https:\/\/www.oparanews.com.br\/index.php\/wp-json\/wp\/v2\/categories?post=16011"},{"taxonomy":"post_tag","embeddable":true,"href":"https:\/\/www.oparanews.com.br\/index.php\/wp-json\/wp\/v2\/tags?post=16011"}],"curies":[{"name":"wp","href":"https:\/\/api.w.org\/{rel}","templated":true}]}}