{"id":16019,"date":"2021-05-27T00:17:54","date_gmt":"2021-05-27T00:17:54","guid":{"rendered":"https:\/\/oparanews.com.br\/?p=16019"},"modified":"2021-05-27T00:17:54","modified_gmt":"2021-05-27T00:17:54","slug":"programa-cria-entrega-cartoes-e-amplia-beneficio-em-penedo","status":"publish","type":"post","link":"https:\/\/www.oparanews.com.br\/index.php\/2021\/05\/27\/programa-cria-entrega-cartoes-e-amplia-beneficio-em-penedo\/","title":{"rendered":"Programa CRIA entrega cart\u00f5es e amplia benef\u00edcio em Penedo"},"content":{"rendered":"<p>A Secretaria Municipal de Desenvolvimento Social e Habita\u00e7\u00e3o (SEMDSH) da Prefeitura de Penedo, juntamente com a Secretaria Estadual de Desenvolvimento Social (SEADES), realizou na Casa de Aposentadoria em Penedo, uma solenidade simb\u00f3lica de entrega dos cart\u00f5es CRIA.<\/p>\n<p>Por conta da pandemia de Covid-19, que afeta todo o planeta e est\u00e1 com n\u00fameros crescentes em Penedo, a organiza\u00e7\u00e3o do evento optou por fazer uma solenidade de forma reduzida, com poucas pessoas e transmitida pelo youtube da Prefeitura de Penedo.<\/p>\n<p>Assim, apenas as algumas benefici\u00e1rias foram convocadas ao local do evento, para o recebimento dos cart\u00f5es do Programa CRIA- Crian\u00e7a Alagoana.<\/p>\n<p>As demais m\u00e3es receber\u00e3o nestas quinta-feira (27) e sexta-feira (28), nas sedes dos CRAS- Centro de Refer\u00eancia em Assist\u00eancia Social dos Bairros Senhor do Bonfim e Santo Ant\u00f4nio.<\/p>\n<p>Do total de cadastros efetivados em Penedo, 600 fam\u00edlias j\u00e1 est\u00e3o com o seu cart\u00e3o pronto para uso e receber\u00e3o conforme cronograma da SEMDSH, ou j\u00e1 receberam durante as duas entregas anteriores.<\/p>\n<p>Tamb\u00e9m foi entregue pela Prefeitura de Penedo, kit fardamento para os visitadores dos programas CRIA e Crian\u00e7a Feliz.<\/p>\n<p><strong>Beneficiarias<\/strong><\/p>\n<p>Uma das m\u00e3es que se cadastraram no programa e j\u00e1 receberam o cart\u00e3o do benef\u00edcio foi a jovem Janiele Severo da Silva, de 18 anos, moradora do Bairro Santa Luzia.<\/p>\n<p>Al\u00e9m de seu filho rec\u00e9m nascido com 1 m\u00eas de vida, ela \u00e9 m\u00e3e de uma menina de um ano e meio e ficou muito feliz ao conseguir ter seu nome inserido no programa CRIA.<\/p>\n<p>\u201c\u00c9 muito bom para a gente, pois j\u00e1 ajuda por um lado, a comprar um leite ou uma fralda, ou o que estiver faltando para o meu filho\u201d, afirmou Janiele Severo.<\/p>\n<p><strong>Solenidade<\/strong><\/p>\n<p>Durante a Solenidade de entrega dos Cart\u00f5es CRIA, a Secret\u00e1ria Estadual de Desenvolvimento Social, Fabiana Pessoa, afirmou que esse \u00e9 o maior programa de transfer\u00eancia de renda do estado, com foco no desenvolvimento da primeira inf\u00e2ncia.<\/p>\n<p>Tamb\u00e9m solicitou que todas as m\u00e3es que atendam ao perfil de entrada no programa, ou seja vivenciem uma situa\u00e7\u00e3o de pobreza ou extrema pobreza, que procurem a SEMDSH ou o CRAS mais pr\u00f3ximo para efetivar o seu cadastro.<\/p>\n<p>\u201cUm aspecto importante desse programa \u00e9 a autonomia que as m\u00e3es tem, para usar esse recurso onde acharem melhor e assim poder\u00e3o melhorar a sua realidade. A m\u00e3e sabe melhor que ningu\u00e9m o que est\u00e1 faltando e por isso pode tomar a melhor decis\u00e3o\u201d, destacou Fabiana Pessoa.<\/p>\n<p>J\u00e1 o Secret\u00e1rio de Desenvolvimento Social e Habita\u00e7\u00e3o Rafael Ferreira destacou o momento \u00edmpar vivido por essas m\u00e3es, que agora passar\u00e3o a receber o seu benef\u00edcio e com isso poder\u00e3o quebrar ciclos de vulnerabilidade social, sendo um farol para o desenvolvimento humano e social de Penedo.<\/p>\n<p>Por sua vez, o Prefeito Ronaldo Lopes solicitou do Governo de Alagoas, a amplia\u00e7\u00e3o dos CRAS para novos bairros em Penedo, que devido a caracter\u00edstica populacional do munic\u00edpio se faz necess\u00e1rio, para um melhor atendimento as necessidades da popula\u00e7\u00e3o mais vulner\u00e1vel.<\/p>\n<p>Sobre o programa CRIA salientou a import\u00e2ncia desse benef\u00edcio de R$ 100, para as fam\u00edlias pobres.<\/p>\n<p>\u201cAs fam\u00edlias v\u00e3o poder chegar com esse valor e comprar o que tem necessidade para seus filhos, o recurso vai girar no com\u00e9rcio de Penedo e tamb\u00e9m ir\u00e1 gerar emprego e renda para outros penedenses. As nossas equipes est\u00e3o em constante busca ativa, para que novos benefici\u00e1rios possam ingressar nesse programa t\u00e3o importante para nossa cidade\u201d, destacou o Prefeito Ronaldo Lopes.<\/p>\n<p>&nbsp;<\/p>\n<p><strong>por Thiago Sobral &#8211; Decom PMP<\/strong><\/p>\n<p>&nbsp;<\/p>\n","protected":false},"excerpt":{"rendered":"<p>A Secretaria Municipal de Desenvolvimento Social e Habita\u00e7\u00e3o (SEMDSH) da Prefeitura de Penedo, juntamente com a Secretaria Estadual de Desenvolvimento Social (SEADES), realizou na Casa de Aposentadoria em Penedo, uma solenidade simb\u00f3lica de entrega dos cart\u00f5es CRIA. Por conta da pandemia de Covid-19, que afeta todo o planeta e est\u00e1 com n\u00fameros crescentes em Penedo, &hellip;<\/p>\n","protected":false},"author":1,"featured_media":16020,"comment_status":"closed","ping_status":"closed","sticky":false,"template":"","format":"standard","meta":{"_jetpack_newsletter_access":"","_jetpack_dont_email_post_to_subs":false,"_jetpack_newsletter_tier_id":0,"_jetpack_memberships_contains_paywalled_content":false,"_jetpack_memberships_contains_paid_content":false,"footnotes":""},"categories":[1],"tags":[],"class_list":["post-16019","post","type-post","status-publish","format-standard","has-post-thumbnail","hentry","category-destaque"],"jetpack_sharing_enabled":true,"jetpack_featured_media_url":"","_links":{"self":[{"href":"https:\/\/www.oparanews.com.br\/index.php\/wp-json\/wp\/v2\/posts\/16019","targetHints":{"allow":["GET"]}}],"collection":[{"href":"https:\/\/www.oparanews.com.br\/index.php\/wp-json\/wp\/v2\/posts"}],"about":[{"href":"https:\/\/www.oparanews.com.br\/index.php\/wp-json\/wp\/v2\/types\/post"}],"author":[{"embeddable":true,"href":"https:\/\/www.oparanews.com.br\/index.php\/wp-json\/wp\/v2\/users\/1"}],"replies":[{"embeddable":true,"href":"https:\/\/www.oparanews.com.br\/index.php\/wp-json\/wp\/v2\/comments?post=16019"}],"version-history":[{"count":0,"href":"https:\/\/www.oparanews.com.br\/index.php\/wp-json\/wp\/v2\/posts\/16019\/revisions"}],"wp:attachment":[{"href":"https:\/\/www.oparanews.com.br\/index.php\/wp-json\/wp\/v2\/media?parent=16019"}],"wp:term":[{"taxonomy":"category","embeddable":true,"href":"https:\/\/www.oparanews.com.br\/index.php\/wp-json\/wp\/v2\/categories?post=16019"},{"taxonomy":"post_tag","embeddable":true,"href":"https:\/\/www.oparanews.com.br\/index.php\/wp-json\/wp\/v2\/tags?post=16019"}],"curies":[{"name":"wp","href":"https:\/\/api.w.org\/{rel}","templated":true}]}}