{"id":16022,"date":"2021-05-27T00:25:27","date_gmt":"2021-05-27T00:25:27","guid":{"rendered":"https:\/\/oparanews.com.br\/?p=16022"},"modified":"2021-05-27T00:25:27","modified_gmt":"2021-05-27T00:25:27","slug":"alagoas-confirma-mais-18-mortes-por-covid-sendo-2-em-penedo","status":"publish","type":"post","link":"https:\/\/www.oparanews.com.br\/index.php\/2021\/05\/27\/alagoas-confirma-mais-18-mortes-por-covid-sendo-2-em-penedo\/","title":{"rendered":"Alagoas confirma mais 18 mortes por Covid em 24h, sendo 2 em Penedo"},"content":{"rendered":"<p>Alagoas confirmou mais 793 casos e 18 mortes por Covid-19, segundo o boletim epidemiol\u00f3gico da Secretaria de Estado da Sa\u00fade (Sesau), divulgado nesta quarta (26).<\/p>\n<p>O estado contabilizou 190.379 casos confirmados e 4.661 \u00f3bitos por Covid-19 desde o come\u00e7o da pandemia.<\/p>\n<p>Do total de casos confirmados, 181.513 pacientes est\u00e3o recuperados e 3.425 est\u00e3o em tratamento, em isolamento domiciliar.<\/p>\n<p>O n\u00famero acumulado de casos suspeitos chegou a 15.292.<\/p>\n<p>A ocupa\u00e7\u00e3o dos leitos de UTI Covid passa de 90% em mais da metade dos hospitais de Macei\u00f3, segundo o boletim mais recente, divulgado nessa ter\u00e7a.<\/p>\n<p><strong>Mais 18 mortes por Covid-19<\/strong><\/p>\n<p>Macei\u00f3: Homem, 56 anos &#8211; doen\u00e7a cardiovascular e doen\u00e7a neurol\u00f3gica<br \/>\nMacei\u00f3: Homem, 72 anos &#8211; diabetes, hipertens\u00e3o e obesidade<br \/>\nMacei\u00f3: Homem, 78 anos &#8211; sem comorbidades<br \/>\nMacei\u00f3: Mulher, 47 anos &#8211; obesa<br \/>\nMacei\u00f3: Mulher, 54 anos &#8211; tabagista<br \/>\nMacei\u00f3: Mulher, 67 anos &#8211; asma, hipertens\u00e3o, Doen\u00e7a Pulmonar Obstrutiva Cr\u00f4nica (DPOC) e coronariopatia<br \/>\nPalmeira dos \u00cdndios: Homem, 37 anos &#8211; sinusite cr\u00f4nica<br \/>\nPalmeira dos \u00cdndios: Homem, 79 anos &#8211; hipertenso e tinha c\u00e2ncer<br \/>\n<strong>Penedo: Homem, 73 anos &#8211; doen\u00e7a cardiovascular cr\u00f4nica e diabetes<\/strong><br \/>\n<strong>Penedo: Mulher, 78 anos &#8211; doen\u00e7a cardiovascular cr\u00f4nica<\/strong><br \/>\nIgaci: Homem, 35 anos &#8211; sem comorbidades<br \/>\nMarechal Deodoro: Mulher, 73 anos &#8211; tabagista<br \/>\nParipueira: Mulher, 62 anos &#8211; doen\u00e7a cardiovascular, diabetes e hipertens\u00e3o<br \/>\nPaulo Jacinto: Homem, 65 anos &#8211; sem comorbidades<br \/>\nPilar: Mulher, 61 anos &#8211; c\u00e2ncer de \u00fatero<br \/>\nPorto Calvo: Mulher, 47 anos &#8211; hipertensa<br \/>\nPorto de Pedras: Mulher, 17 anos &#8211; sem comorbidades<br \/>\nSatuba: Mulher, 89 anos &#8211; hipertens\u00e3o, diabetes e Alzheimer<\/p>\n<p>&nbsp;<\/p>\n<p><strong>Fonte: G1\/AL<\/strong><\/p>\n<p>&nbsp;<\/p>\n","protected":false},"excerpt":{"rendered":"<p>Alagoas confirmou mais 793 casos e 18 mortes por Covid-19, segundo o boletim epidemiol\u00f3gico da Secretaria de Estado da Sa\u00fade (Sesau), divulgado nesta quarta (26). O estado contabilizou 190.379 casos confirmados e 4.661 \u00f3bitos por Covid-19 desde o come\u00e7o da pandemia. Do total de casos confirmados, 181.513 pacientes est\u00e3o recuperados e 3.425 est\u00e3o em tratamento, &hellip;<\/p>\n","protected":false},"author":1,"featured_media":5855,"comment_status":"closed","ping_status":"closed","sticky":false,"template":"","format":"standard","meta":{"_jetpack_newsletter_access":"","_jetpack_dont_email_post_to_subs":false,"_jetpack_newsletter_tier_id":0,"_jetpack_memberships_contains_paywalled_content":false,"_jetpack_memberships_contains_paid_content":false,"footnotes":""},"categories":[1],"tags":[],"class_list":["post-16022","post","type-post","status-publish","format-standard","has-post-thumbnail","hentry","category-destaque"],"jetpack_sharing_enabled":true,"jetpack_featured_media_url":"","_links":{"self":[{"href":"https:\/\/www.oparanews.com.br\/index.php\/wp-json\/wp\/v2\/posts\/16022","targetHints":{"allow":["GET"]}}],"collection":[{"href":"https:\/\/www.oparanews.com.br\/index.php\/wp-json\/wp\/v2\/posts"}],"about":[{"href":"https:\/\/www.oparanews.com.br\/index.php\/wp-json\/wp\/v2\/types\/post"}],"author":[{"embeddable":true,"href":"https:\/\/www.oparanews.com.br\/index.php\/wp-json\/wp\/v2\/users\/1"}],"replies":[{"embeddable":true,"href":"https:\/\/www.oparanews.com.br\/index.php\/wp-json\/wp\/v2\/comments?post=16022"}],"version-history":[{"count":0,"href":"https:\/\/www.oparanews.com.br\/index.php\/wp-json\/wp\/v2\/posts\/16022\/revisions"}],"wp:attachment":[{"href":"https:\/\/www.oparanews.com.br\/index.php\/wp-json\/wp\/v2\/media?parent=16022"}],"wp:term":[{"taxonomy":"category","embeddable":true,"href":"https:\/\/www.oparanews.com.br\/index.php\/wp-json\/wp\/v2\/categories?post=16022"},{"taxonomy":"post_tag","embeddable":true,"href":"https:\/\/www.oparanews.com.br\/index.php\/wp-json\/wp\/v2\/tags?post=16022"}],"curies":[{"name":"wp","href":"https:\/\/api.w.org\/{rel}","templated":true}]}}