{"id":16025,"date":"2021-05-27T00:31:23","date_gmt":"2021-05-27T00:31:23","guid":{"rendered":"https:\/\/oparanews.com.br\/?p=16025"},"modified":"2021-05-27T00:31:23","modified_gmt":"2021-05-27T00:31:23","slug":"mourao-critica-ausencia-de-salles-em-reuniao-sobre-amazonia","status":"publish","type":"post","link":"https:\/\/www.oparanews.com.br\/index.php\/2021\/05\/27\/mourao-critica-ausencia-de-salles-em-reuniao-sobre-amazonia\/","title":{"rendered":"Mour\u00e3o critica aus\u00eancia de Salles em reuni\u00e3o sobre Amaz\u00f4nia"},"content":{"rendered":"<p>O vice-presidente e coordenador do Conselho Nacional da Amaz\u00f4nia, Hamilton Mour\u00e3o, disse nesta quarta-feira, 26, lamentar &#8220;profundamente&#8221; o fato de o ministro do Meio Ambiente, Ricardo Salles, n\u00e3o ter participado da reuni\u00e3o do colegiado em meio a cr\u00edticas dentro e fora do Pa\u00eds de falta de empenho do Brasil em combater o desmatamento na regi\u00e3o amaz\u00f4nica.<\/p>\n<p>&#8220;N\u00f3s precisamos de coopera\u00e7\u00e3o, foi o que conversei com os minist\u00e9rios aqui presentes. Lamento profundamente a aus\u00eancia do minist\u00e9rio mais importante e que n\u00e3o compareceu \u00e0 reuni\u00e3o hoje nem n\u00e3o mandou representante, que \u00e9 o Minist\u00e9rio do Meio Ambiente, lamento profundamente&#8221;, pontuou Mour\u00e3o.<\/p>\n<p>O vice-presidente admitiu que os indicadores de desmatamento nos meses de mar\u00e7o e abril pioraram e que neste m\u00eas a situa\u00e7\u00e3o &#8220;n\u00e3o est\u00e1 boa&#8221;.<\/p>\n<p>Ainda assim, ele disse que pretende se empenhar para garantir uma redu\u00e7\u00e3o do desmatamento na regi\u00e3o em 15% at\u00e9 julho, conforme havia proposto, e que se for necess\u00e1rio vai recorrer ao uso das For\u00e7as Armadas.<\/p>\n<p>O Brasil tem sido pressionado por governos e investidores a aperfei\u00e7oar sua atua\u00e7\u00e3o no combate ao desmatamento e queimadas na regi\u00e3o sob pena at\u00e9 de n\u00e3o haver a ratifica\u00e7\u00e3o, por parte de pa\u00edses europeus, do acordo de livre com\u00e9rcio da Uni\u00e3o Europeia com o Mercosul.<\/p>\n<p>&nbsp;<\/p>\n<p><strong>Fonte: Reuters<\/strong><\/p>\n<p>&nbsp;<\/p>\n","protected":false},"excerpt":{"rendered":"<p>O vice-presidente e coordenador do Conselho Nacional da Amaz\u00f4nia, Hamilton Mour\u00e3o, disse nesta quarta-feira, 26, lamentar &#8220;profundamente&#8221; o fato de o ministro do Meio Ambiente, Ricardo Salles, n\u00e3o ter participado da reuni\u00e3o do colegiado em meio a cr\u00edticas dentro e fora do Pa\u00eds de falta de empenho do Brasil em combater o desmatamento na regi\u00e3o &hellip;<\/p>\n","protected":false},"author":1,"featured_media":16026,"comment_status":"closed","ping_status":"closed","sticky":false,"template":"","format":"standard","meta":{"_jetpack_newsletter_access":"","_jetpack_dont_email_post_to_subs":false,"_jetpack_newsletter_tier_id":0,"_jetpack_memberships_contains_paywalled_content":false,"_jetpack_memberships_contains_paid_content":false,"footnotes":""},"categories":[1],"tags":[],"class_list":["post-16025","post","type-post","status-publish","format-standard","has-post-thumbnail","hentry","category-destaque"],"jetpack_sharing_enabled":true,"jetpack_featured_media_url":"","_links":{"self":[{"href":"https:\/\/www.oparanews.com.br\/index.php\/wp-json\/wp\/v2\/posts\/16025","targetHints":{"allow":["GET"]}}],"collection":[{"href":"https:\/\/www.oparanews.com.br\/index.php\/wp-json\/wp\/v2\/posts"}],"about":[{"href":"https:\/\/www.oparanews.com.br\/index.php\/wp-json\/wp\/v2\/types\/post"}],"author":[{"embeddable":true,"href":"https:\/\/www.oparanews.com.br\/index.php\/wp-json\/wp\/v2\/users\/1"}],"replies":[{"embeddable":true,"href":"https:\/\/www.oparanews.com.br\/index.php\/wp-json\/wp\/v2\/comments?post=16025"}],"version-history":[{"count":0,"href":"https:\/\/www.oparanews.com.br\/index.php\/wp-json\/wp\/v2\/posts\/16025\/revisions"}],"wp:attachment":[{"href":"https:\/\/www.oparanews.com.br\/index.php\/wp-json\/wp\/v2\/media?parent=16025"}],"wp:term":[{"taxonomy":"category","embeddable":true,"href":"https:\/\/www.oparanews.com.br\/index.php\/wp-json\/wp\/v2\/categories?post=16025"},{"taxonomy":"post_tag","embeddable":true,"href":"https:\/\/www.oparanews.com.br\/index.php\/wp-json\/wp\/v2\/tags?post=16025"}],"curies":[{"name":"wp","href":"https:\/\/api.w.org\/{rel}","templated":true}]}}