{"id":16028,"date":"2021-05-27T00:33:12","date_gmt":"2021-05-27T00:33:12","guid":{"rendered":"https:\/\/oparanews.com.br\/?p=16028"},"modified":"2021-05-27T00:33:12","modified_gmt":"2021-05-27T00:33:12","slug":"brasil-tem-23-mil-mortes-e-supera-80-mil-casos-em-24h","status":"publish","type":"post","link":"https:\/\/www.oparanews.com.br\/index.php\/2021\/05\/27\/brasil-tem-23-mil-mortes-e-supera-80-mil-casos-em-24h\/","title":{"rendered":"Brasil tem 2,3 mil mortes e supera 80 mil casos em 24h"},"content":{"rendered":"<p>O Brasil registrou nesta quarta-feira (26) mais 2.398 mortes na pandemia de covid-19 nas \u00faltimas 24 horas, elevando o n\u00famero total de \u00f3bitos para 454.429, segundo dados do Conselho Nacional de Secret\u00e1rios de Sa\u00fade (Conass).<\/p>\n<p>O novo boletim ainda totaliza 16.274.695 casos do novo coronav\u00edrus Sars-CoV-2 desde o in\u00edcio da emerg\u00eancia sanit\u00e1ria, com o acr\u00e9scimo de 80.486 diagn\u00f3sticos em um dia.<\/p>\n<p>O n\u00famero de mortes registrado hoje representa uma redu\u00e7\u00e3o na quantidade de \u00f3bitos contabilizados na mesma data da semana anterior, quando foram 2.641 vidas perdidas. J\u00e1 em rela\u00e7\u00e3o aos casos, o n\u00famero \u00e9 maior do que o somado na quarta passada (79.219).<\/p>\n<p>As m\u00e9dias m\u00f3veis, por\u00e9m, continuam em patamares alt\u00edssimos, com 66.091 cont\u00e1gios e 1.820 \u00f3bitos por dia, apesar do \u00faltimo dado ter sofrido uma leve queda.<\/p>\n<p>O cons\u00f3rcio de imprensa formado por Estad\u00e3o, G1, O Globo, Extra, Folha e UOL levantou, junto \u00e0s secretarias estaduais de Sa\u00fade, 2.399 mortes e 79.459 casos nas \u00faltimas 24 horas. Ao todo, os ve\u00edculos de imprensa registraram 454.623 mortes e 16.275.440 infec\u00e7\u00f5es pelo novo coronav\u00edrus.<\/p>\n<p>J\u00e1 a taxa de letalidade se mant\u00e9m em 2,8%, enquanto que o estado do Rio de Janeiro \u00e9 o que apresenta o maior \u00edndice da doen\u00e7a no Brasil, com 5,9%, mais do que o dobro da m\u00e9dia nacional. Na sequ\u00eancia aparecem Pernambuco (3,3%), Amazonas (3,4%) e S\u00e3o Paulo (3,4%).<\/p>\n<p>Os dados por estado continuam com S\u00e3o Paulo como o que mais acumula contamina\u00e7\u00f5es e v\u00edtimas em n\u00fameros absolutos, sendo 3.226.875 e 109.241, respectivamente.<\/p>\n<p>&nbsp;<\/p>\n<p><strong>Com informa\u00e7\u00f5es da Ansa e do Estad\u00e3o Conte\u00fado<\/strong><\/p>\n<p>&nbsp;<\/p>\n","protected":false},"excerpt":{"rendered":"<p>O Brasil registrou nesta quarta-feira (26) mais 2.398 mortes na pandemia de covid-19 nas \u00faltimas 24 horas, elevando o n\u00famero total de \u00f3bitos para 454.429, segundo dados do Conselho Nacional de Secret\u00e1rios de Sa\u00fade (Conass). O novo boletim ainda totaliza 16.274.695 casos do novo coronav\u00edrus Sars-CoV-2 desde o in\u00edcio da emerg\u00eancia sanit\u00e1ria, com o acr\u00e9scimo &hellip;<\/p>\n","protected":false},"author":1,"featured_media":16029,"comment_status":"closed","ping_status":"closed","sticky":false,"template":"","format":"standard","meta":{"_jetpack_newsletter_access":"","_jetpack_dont_email_post_to_subs":false,"_jetpack_newsletter_tier_id":0,"_jetpack_memberships_contains_paywalled_content":false,"_jetpack_memberships_contains_paid_content":false,"footnotes":""},"categories":[1],"tags":[],"class_list":["post-16028","post","type-post","status-publish","format-standard","has-post-thumbnail","hentry","category-destaque"],"jetpack_sharing_enabled":true,"jetpack_featured_media_url":"","_links":{"self":[{"href":"https:\/\/www.oparanews.com.br\/index.php\/wp-json\/wp\/v2\/posts\/16028","targetHints":{"allow":["GET"]}}],"collection":[{"href":"https:\/\/www.oparanews.com.br\/index.php\/wp-json\/wp\/v2\/posts"}],"about":[{"href":"https:\/\/www.oparanews.com.br\/index.php\/wp-json\/wp\/v2\/types\/post"}],"author":[{"embeddable":true,"href":"https:\/\/www.oparanews.com.br\/index.php\/wp-json\/wp\/v2\/users\/1"}],"replies":[{"embeddable":true,"href":"https:\/\/www.oparanews.com.br\/index.php\/wp-json\/wp\/v2\/comments?post=16028"}],"version-history":[{"count":0,"href":"https:\/\/www.oparanews.com.br\/index.php\/wp-json\/wp\/v2\/posts\/16028\/revisions"}],"wp:attachment":[{"href":"https:\/\/www.oparanews.com.br\/index.php\/wp-json\/wp\/v2\/media?parent=16028"}],"wp:term":[{"taxonomy":"category","embeddable":true,"href":"https:\/\/www.oparanews.com.br\/index.php\/wp-json\/wp\/v2\/categories?post=16028"},{"taxonomy":"post_tag","embeddable":true,"href":"https:\/\/www.oparanews.com.br\/index.php\/wp-json\/wp\/v2\/tags?post=16028"}],"curies":[{"name":"wp","href":"https:\/\/api.w.org\/{rel}","templated":true}]}}