{"id":16031,"date":"2021-05-27T00:35:32","date_gmt":"2021-05-27T00:35:32","guid":{"rendered":"https:\/\/oparanews.com.br\/?p=16031"},"modified":"2021-05-27T00:35:32","modified_gmt":"2021-05-27T00:35:32","slug":"lucas-penteado-e-diagnosticado-com-covid-19","status":"publish","type":"post","link":"https:\/\/www.oparanews.com.br\/index.php\/2021\/05\/27\/lucas-penteado-e-diagnosticado-com-covid-19\/","title":{"rendered":"Lucas Penteado \u00e9 diagnosticado com Covid-19"},"content":{"rendered":"<p>O ex-BBB Lucas Penteado foi diagnosticado com Covid-19. Ele e a fam\u00edlia testaram positivo para a doen\u00e7a h\u00e1 3 semanas, confirmou a assessoria de imprensa do ator ao UOL. Lucas, a m\u00e3e e o irm\u00e3o cumpriram quarentena no bairro da Bela Vista, em S\u00e3o Paulo.<\/p>\n<p>O ator foi testado novamente na \u00faltima segunda-feira (24), e o resultado foi negativo para a doen\u00e7a. Por ter bronquite, Lucas foi avisado que poderia ter outros problemas respirat\u00f3rios por causa do v\u00edrus. Ele relatou ter tido sintomas leves e dores no corpo.<\/p>\n<p>\u201cEu estou curado, gra\u00e7as ao bom Deus. Mesmo assim quero agradecer todas as mensagens de carinho e ora\u00e7\u00f5es feitas por conta desta not\u00edcia. Quero \u00e9 voltar a trabalhar, estou em casa faz muito tempo!\u201d, disse no Instagram.<\/p>\n<p>&nbsp;<\/p>\n<p><strong>Fonte: ISTO\u00c9 Gente<\/strong><\/p>\n<p>&nbsp;<\/p>\n","protected":false},"excerpt":{"rendered":"<p>O ex-BBB Lucas Penteado foi diagnosticado com Covid-19. Ele e a fam\u00edlia testaram positivo para a doen\u00e7a h\u00e1 3 semanas, confirmou a assessoria de imprensa do ator ao UOL. Lucas, a m\u00e3e e o irm\u00e3o cumpriram quarentena no bairro da Bela Vista, em S\u00e3o Paulo. O ator foi testado novamente na \u00faltima segunda-feira (24), e &hellip;<\/p>\n","protected":false},"author":1,"featured_media":16032,"comment_status":"closed","ping_status":"closed","sticky":false,"template":"","format":"standard","meta":{"_jetpack_newsletter_access":"","_jetpack_dont_email_post_to_subs":false,"_jetpack_newsletter_tier_id":0,"_jetpack_memberships_contains_paywalled_content":false,"_jetpack_memberships_contains_paid_content":false,"footnotes":""},"categories":[1],"tags":[],"class_list":["post-16031","post","type-post","status-publish","format-standard","has-post-thumbnail","hentry","category-destaque"],"jetpack_sharing_enabled":true,"jetpack_featured_media_url":"","_links":{"self":[{"href":"https:\/\/www.oparanews.com.br\/index.php\/wp-json\/wp\/v2\/posts\/16031","targetHints":{"allow":["GET"]}}],"collection":[{"href":"https:\/\/www.oparanews.com.br\/index.php\/wp-json\/wp\/v2\/posts"}],"about":[{"href":"https:\/\/www.oparanews.com.br\/index.php\/wp-json\/wp\/v2\/types\/post"}],"author":[{"embeddable":true,"href":"https:\/\/www.oparanews.com.br\/index.php\/wp-json\/wp\/v2\/users\/1"}],"replies":[{"embeddable":true,"href":"https:\/\/www.oparanews.com.br\/index.php\/wp-json\/wp\/v2\/comments?post=16031"}],"version-history":[{"count":0,"href":"https:\/\/www.oparanews.com.br\/index.php\/wp-json\/wp\/v2\/posts\/16031\/revisions"}],"wp:attachment":[{"href":"https:\/\/www.oparanews.com.br\/index.php\/wp-json\/wp\/v2\/media?parent=16031"}],"wp:term":[{"taxonomy":"category","embeddable":true,"href":"https:\/\/www.oparanews.com.br\/index.php\/wp-json\/wp\/v2\/categories?post=16031"},{"taxonomy":"post_tag","embeddable":true,"href":"https:\/\/www.oparanews.com.br\/index.php\/wp-json\/wp\/v2\/tags?post=16031"}],"curies":[{"name":"wp","href":"https:\/\/api.w.org\/{rel}","templated":true}]}}