{"id":16034,"date":"2021-05-27T00:37:39","date_gmt":"2021-05-27T00:37:39","guid":{"rendered":"https:\/\/oparanews.com.br\/?p=16034"},"modified":"2021-05-27T00:37:39","modified_gmt":"2021-05-27T00:37:39","slug":"arrascaeta-esta-na-pre-lista-do-uruguai-para-a-copa-america","status":"publish","type":"post","link":"https:\/\/www.oparanews.com.br\/index.php\/2021\/05\/27\/arrascaeta-esta-na-pre-lista-do-uruguai-para-a-copa-america\/","title":{"rendered":"Arrascaeta est\u00e1 na pr\u00e9-lista do Uruguai para a Copa Am\u00e9rica"},"content":{"rendered":"<p>Presen\u00e7a frequente nas listas de \u00d3scar Tab\u00e1rez, t\u00e9cnico da Celeste, Giorgian De Arrascaeta est\u00e1 entre os 50 nomes da pr\u00e9-lista enviada pelo Uruguai para a Conmebol a respeito da Copa Am\u00e9rica, que ser\u00e1 realizada entre 10 de junho e 13 de julho, na Argentina. O meia, portanto, deve desfalcar o Flamengo neste per\u00edodo. Confira as datas e os grupos do torneio de sele\u00e7\u00f5es clicando aqui!<\/p>\n<p>Antes da Copa Am\u00e9rica, Arrascaeta est\u00e1 convocado pelo Uruguai para os jogos contra o Paraguai, no dia 3 de junho, e Venezuela, no dia 8, pelas Eliminat\u00f3rias Sul-Americanas. A CBF adiou os jogos do Flamengo neste per\u00edodo. O confronto com o Coritiba, pelas oitavas de final da Copa do Brasil, passou para os dias 10 e 16 de junho &#8211; seriam em 2 e 9. J\u00e1 o jogo contra o Gr\u00eamio, pelo Brasileir\u00e3o, estava marcado para o dia 5, e ainda n\u00e3o teve nova data definida pela CBF.<\/p>\n<p>\u00c9 certo que, confirmada a participa\u00e7\u00e3o de Arrascaeta para a Copa Am\u00e9rica, o meia ser\u00e1 desfalque nos duelos com o Coxa, apesar da remarca\u00e7\u00e3o dos jogos.<\/p>\n<p>&nbsp;<\/p>\n<p><strong>Fonte: LANCE<\/strong><\/p>\n<p>&nbsp;<\/p>\n","protected":false},"excerpt":{"rendered":"<p>Presen\u00e7a frequente nas listas de \u00d3scar Tab\u00e1rez, t\u00e9cnico da Celeste, Giorgian De Arrascaeta est\u00e1 entre os 50 nomes da pr\u00e9-lista enviada pelo Uruguai para a Conmebol a respeito da Copa Am\u00e9rica, que ser\u00e1 realizada entre 10 de junho e 13 de julho, na Argentina. O meia, portanto, deve desfalcar o Flamengo neste per\u00edodo. Confira as &hellip;<\/p>\n","protected":false},"author":1,"featured_media":16035,"comment_status":"closed","ping_status":"closed","sticky":false,"template":"","format":"standard","meta":{"_jetpack_newsletter_access":"","_jetpack_dont_email_post_to_subs":false,"_jetpack_newsletter_tier_id":0,"_jetpack_memberships_contains_paywalled_content":false,"_jetpack_memberships_contains_paid_content":false,"footnotes":""},"categories":[1],"tags":[],"class_list":["post-16034","post","type-post","status-publish","format-standard","has-post-thumbnail","hentry","category-destaque"],"jetpack_sharing_enabled":true,"jetpack_featured_media_url":"","_links":{"self":[{"href":"https:\/\/www.oparanews.com.br\/index.php\/wp-json\/wp\/v2\/posts\/16034","targetHints":{"allow":["GET"]}}],"collection":[{"href":"https:\/\/www.oparanews.com.br\/index.php\/wp-json\/wp\/v2\/posts"}],"about":[{"href":"https:\/\/www.oparanews.com.br\/index.php\/wp-json\/wp\/v2\/types\/post"}],"author":[{"embeddable":true,"href":"https:\/\/www.oparanews.com.br\/index.php\/wp-json\/wp\/v2\/users\/1"}],"replies":[{"embeddable":true,"href":"https:\/\/www.oparanews.com.br\/index.php\/wp-json\/wp\/v2\/comments?post=16034"}],"version-history":[{"count":0,"href":"https:\/\/www.oparanews.com.br\/index.php\/wp-json\/wp\/v2\/posts\/16034\/revisions"}],"wp:attachment":[{"href":"https:\/\/www.oparanews.com.br\/index.php\/wp-json\/wp\/v2\/media?parent=16034"}],"wp:term":[{"taxonomy":"category","embeddable":true,"href":"https:\/\/www.oparanews.com.br\/index.php\/wp-json\/wp\/v2\/categories?post=16034"},{"taxonomy":"post_tag","embeddable":true,"href":"https:\/\/www.oparanews.com.br\/index.php\/wp-json\/wp\/v2\/tags?post=16034"}],"curies":[{"name":"wp","href":"https:\/\/api.w.org\/{rel}","templated":true}]}}