{"id":16037,"date":"2021-05-27T00:42:47","date_gmt":"2021-05-27T00:42:47","guid":{"rendered":"https:\/\/oparanews.com.br\/?p=16037"},"modified":"2021-05-27T00:42:47","modified_gmt":"2021-05-27T00:42:47","slug":"o-brasil-nao-tem-salvacao-e-muita-cachaca-e-pouca-oracao","status":"publish","type":"post","link":"https:\/\/www.oparanews.com.br\/index.php\/2021\/05\/27\/o-brasil-nao-tem-salvacao-e-muita-cachaca-e-pouca-oracao\/","title":{"rendered":"&#8216;O Brasil n\u00e3o tem salva\u00e7\u00e3o, \u00e9 muita cacha\u00e7a e pouca ora\u00e7\u00e3o&#8217;"},"content":{"rendered":"<p>O Papa Francisco fez dois padres brasileiros ca\u00edrem na gargalhada nesta quarta-feira, dia 26, enquanto cumprimentava fi\u00e9s na Pra\u00e7a S\u00e3o Pedro, no Vaticano, ap\u00f3s realiza\u00e7\u00e3o da Audi\u00eancia Geral. Em resposta a um deles, que pediu ao pont\u00edfice que rezasse pelo Brasil, o argentino j\u00e1 exibiu um sorriso no rosto antes de fazer a brincadeira, que foi filmada e agora j\u00e1 tornou-se viral nas redes sociais: &#8220;O Brasil n\u00e3o tem salva\u00e7\u00e3o, \u00e9 muita cacha\u00e7a e pouca ora\u00e7\u00e3o&#8221;.<\/p>\n<p>\u2014 E foi assim num clima de muita familiaridade. Logo depois ele j\u00e1 concluiu dizendo que rezava sempre pelo Brasil e que tinha um carinho muito grande pelos brasileiros. E ali ele continuou seguindo cumprimentando as pessoas. Realmente foi um momento muito descontra\u00eddo \u2014 afirmou o padre Carlos Henrique, autor do v\u00eddeo.<\/p>\n<blockquote class=\"twitter-tweet\" data-width=\"500\" data-dnt=\"true\">\n<p lang=\"pt\" dir=\"ltr\">O v\u00eddeo a\u00ed. <a href=\"https:\/\/t.co\/9UKe5kPFsq\">pic.twitter.com\/9UKe5kPFsq<\/a><\/p>\n<p>&mdash; Mirticeli Medeiros (@MirtiMedeiros) <a href=\"https:\/\/twitter.com\/MirtiMedeiros\/status\/1397606976629116930?ref_src=twsrc%5Etfw\">May 26, 2021<\/a><\/p><\/blockquote>\n<p><script async src=\"https:\/\/platform.twitter.com\/widgets.js\" charset=\"utf-8\"><\/script><\/p>\n<p>O sacerdote da diocese de Divin\u00f3polis (MG) explicou ao EXTRA que havia combinado com um colega, o padre Jo\u00e3o Paulo Victor, da diocese de Campina Grande (PB), que ele seria hoje seu cameraman, na expectativa de que recebessem uma pausa especial do Papa enquanto ele percorria o espa\u00e7o na pra\u00e7a cumprimentando os fi\u00e9is, como costuma fazer \u00e0s quartas-feiras.<\/p>\n<p>\u2014 No final da audi\u00eancia o papa foi cumprimentando as pessoas e, num determinado momento, ele veio na dire\u00e7\u00e3o onde n\u00f3s est\u00e1vamos e foi quando o padre Jo\u00e3o Paulo teve a oportunidade de saud\u00e1-lo. Naquele momento, o padre Jo\u00e3o Paulo disse pra ele: Santo padre, reze pelo Brasil. E naquela hora, o Papa olhou pra gente no clima de muita proximidade, de muita descontra\u00e7\u00e3o, respondeu: Voc\u00eas n\u00e3o t\u00eam salva\u00e7\u00e3o. \u00c9 muita cacha\u00e7a e pouca ora\u00e7\u00e3o \u2014 relatou Carlos Henrique.<\/p>\n<p>Ainda se divertindo com a situa\u00e7\u00e3o, o padre disse que mesmo enquanto andavam pelas ruas de Roma eles n\u00e3o conseguiam parar de rir.<\/p>\n<p>\u2014 Quando a gente saiu dali, n\u00f3s paramos v\u00e1rias vezes pra rir na rua s\u00f3 de lembrar da cena. D\u00e1 pra ver no v\u00eddeo a descontra\u00e7\u00e3o ali. Ele brinca realmente com a gente.<\/p>\n<p>Padre Carlos comentou ainda ter ficado muito surpreso com a rea\u00e7\u00e3o do Papa Francisco, mas ressaltou ter sentido, ao mesmo tempo, muita felicidade.<\/p>\n<p>\u2014 O Papa, a principal autoridade da Igreja Cat\u00f3lica, o representante de Cristo, o sucessor de Pedro, um l\u00edder como ele, de repente brincar com essa intimidade, com essa familiaridade, com dois padres desconhecidos. Foi uma surpresa muito grande e ao mesmo tempo uma alegria indiz\u00edvel. Foi muito bacana. E a gente n\u00e3o imaginou, primeiro, que a coisa viralizasse como viralizou. Parece que no Brasil est\u00e1 tendo uma repercuss\u00e3o muito grande. A gente n\u00e3o imaginou que as pessoas pudessem se sentir t\u00e3o tocadas pelo v\u00eddeo. De fato, nesse cen\u00e1rio de pandemia, triste, que o Brasil tem vivido, que o mundo tem vivido, acho que foi uma oportunidade de provocar boas gargalhadas. Ali o Papa expressa o carinho, o amor que ele tem pelo Brasil e essa brincadeira que ele fez com a gente realmente foi uma brincadeira num sinal, num contexto de muita proximidade, de muita liberdade.<\/p>\n<p>Segundo Carlos Henrique, a volta do padre Jo\u00e3o Paulo para o Brasil est\u00e1 marcada para daqui a uma semana, ent\u00e3o esta quarta-feira seria a \u00faltima oportunidade que ele teria de receber um cumprimento especial do Papa Francisco.<\/p>\n<p>\u2014 Eu ainda brinquei com ele: olha, voc\u00ea vai e eu vou ser seu cameraman, e hoje voc\u00ea vai conversar com o Papa e eu vou fotografar. A gente n\u00e3o esperava que isso pudesse realmente acontecer. E aconteceu \u2014 celebrou.<\/p>\n<p>&nbsp;<\/p>\n<p><strong>Fonte: Extra<\/strong><\/p>\n<p>&nbsp;<\/p>\n","protected":false},"excerpt":{"rendered":"<p>O Papa Francisco fez dois padres brasileiros ca\u00edrem na gargalhada nesta quarta-feira, dia 26, enquanto cumprimentava fi\u00e9s na Pra\u00e7a S\u00e3o Pedro, no Vaticano, ap\u00f3s realiza\u00e7\u00e3o da Audi\u00eancia Geral. Em resposta a um deles, que pediu ao pont\u00edfice que rezasse pelo Brasil, o argentino j\u00e1 exibiu um sorriso no rosto antes de fazer a brincadeira, que &hellip;<\/p>\n","protected":false},"author":1,"featured_media":16038,"comment_status":"closed","ping_status":"closed","sticky":false,"template":"","format":"standard","meta":{"_jetpack_newsletter_access":"","_jetpack_dont_email_post_to_subs":false,"_jetpack_newsletter_tier_id":0,"_jetpack_memberships_contains_paywalled_content":false,"_jetpack_memberships_contains_paid_content":false,"footnotes":""},"categories":[1],"tags":[],"class_list":["post-16037","post","type-post","status-publish","format-standard","has-post-thumbnail","hentry","category-destaque"],"jetpack_sharing_enabled":true,"jetpack_featured_media_url":"","_links":{"self":[{"href":"https:\/\/www.oparanews.com.br\/index.php\/wp-json\/wp\/v2\/posts\/16037","targetHints":{"allow":["GET"]}}],"collection":[{"href":"https:\/\/www.oparanews.com.br\/index.php\/wp-json\/wp\/v2\/posts"}],"about":[{"href":"https:\/\/www.oparanews.com.br\/index.php\/wp-json\/wp\/v2\/types\/post"}],"author":[{"embeddable":true,"href":"https:\/\/www.oparanews.com.br\/index.php\/wp-json\/wp\/v2\/users\/1"}],"replies":[{"embeddable":true,"href":"https:\/\/www.oparanews.com.br\/index.php\/wp-json\/wp\/v2\/comments?post=16037"}],"version-history":[{"count":0,"href":"https:\/\/www.oparanews.com.br\/index.php\/wp-json\/wp\/v2\/posts\/16037\/revisions"}],"wp:attachment":[{"href":"https:\/\/www.oparanews.com.br\/index.php\/wp-json\/wp\/v2\/media?parent=16037"}],"wp:term":[{"taxonomy":"category","embeddable":true,"href":"https:\/\/www.oparanews.com.br\/index.php\/wp-json\/wp\/v2\/categories?post=16037"},{"taxonomy":"post_tag","embeddable":true,"href":"https:\/\/www.oparanews.com.br\/index.php\/wp-json\/wp\/v2\/tags?post=16037"}],"curies":[{"name":"wp","href":"https:\/\/api.w.org\/{rel}","templated":true}]}}