{"id":16043,"date":"2021-05-27T00:50:21","date_gmt":"2021-05-27T00:50:21","guid":{"rendered":"https:\/\/oparanews.com.br\/?p=16043"},"modified":"2021-05-27T00:50:21","modified_gmt":"2021-05-27T00:50:21","slug":"cse-e-zumbi-anunciam-parceria-para-a-disputa-da-2a-divisao-em-2021","status":"publish","type":"post","link":"https:\/\/www.oparanews.com.br\/index.php\/2021\/05\/27\/cse-e-zumbi-anunciam-parceria-para-a-disputa-da-2a-divisao-em-2021\/","title":{"rendered":"CSE e Zumbi anunciam parceria para a disputa da 2\u00aa Divis\u00e3o em 2021"},"content":{"rendered":"<p>A busca pela divis\u00e3o principal do Campeonato Alagoano segue fren\u00e9tica por toda o Estado de Alagoas, e em Uni\u00e3o dos Palmares, o Zumbi j\u00e1 vem com uma grande prepara\u00e7\u00e3o. O time alviverde \u00e9 um dos primeiros confirmados na disputa da Segunda Divis\u00e3o de 2021 e, sonhando com o acesso, foi feita uma parceria importante com o CSE, terceiro colocado no Alagoano deste ano.<\/p>\n<p>A confirma\u00e7\u00e3o da parceria foi feita pelo vice-presidente do Zumbi, Wellython Martins, no programa Canal Esportes, da TV Mar, que contou tamb\u00e9m com a presen\u00e7a do prefeito de Palmeira dos \u00cdndios, Julio C\u00e9zar, um dos apoiadores do CSE.<\/p>\n<p>&#8220;Um agradecimento ao prefeito Julio C\u00e9zar, que a partir de hoje passa a ser parceiro do Zumbi Esporte Clube. O prefeito com a diretoria do CSE nos cede um cara, que para mim \u00e9 o melhor gerente de futebol da atualidade, nosso querido Erivaldo Dom\u00edcio&#8221;, disse Wellython.<\/p>\n<p>A parceria trata-se de o Zumbi poder contar com atletas da base do CSE para disputar o Alagoano da Segunda Divis\u00e3o, que come\u00e7a no segundo semestre de 2021. Alguns atletas revelados na base do time tricolorido se destacaram no Alagoano 2021, como \u00e9 o caso do jovem Jup\u00ed.<\/p>\n<p>Ainda n\u00e3o se tem uma data certa para o arbitral, nem o in\u00edcio da Segunda Divis\u00e3o, por\u00e9m, alguns clubes como o pr\u00f3prio Zumbi, Cruzeiro de Arapiraca e Comercial de Vi\u00e7osa, j\u00e1 est\u00e3o confirmados. A tend\u00eancia \u00e9 que o formato mantenha os moldes de 2020, onde apenas um time conquistou o acesso para a S\u00e9rie A do Alagoano.<\/p>\n<p>&nbsp;<\/p>\n<p><strong>Fonte: Gazetaweb com assessoria<\/strong><\/p>\n<p>&nbsp;<\/p>\n","protected":false},"excerpt":{"rendered":"<p>A busca pela divis\u00e3o principal do Campeonato Alagoano segue fren\u00e9tica por toda o Estado de Alagoas, e em Uni\u00e3o dos Palmares, o Zumbi j\u00e1 vem com uma grande prepara\u00e7\u00e3o. O time alviverde \u00e9 um dos primeiros confirmados na disputa da Segunda Divis\u00e3o de 2021 e, sonhando com o acesso, foi feita uma parceria importante com &hellip;<\/p>\n","protected":false},"author":1,"featured_media":16044,"comment_status":"closed","ping_status":"closed","sticky":false,"template":"","format":"standard","meta":{"_jetpack_newsletter_access":"","_jetpack_dont_email_post_to_subs":false,"_jetpack_newsletter_tier_id":0,"_jetpack_memberships_contains_paywalled_content":false,"_jetpack_memberships_contains_paid_content":false,"footnotes":""},"categories":[1],"tags":[],"class_list":["post-16043","post","type-post","status-publish","format-standard","has-post-thumbnail","hentry","category-destaque"],"jetpack_sharing_enabled":true,"jetpack_featured_media_url":"","_links":{"self":[{"href":"https:\/\/www.oparanews.com.br\/index.php\/wp-json\/wp\/v2\/posts\/16043","targetHints":{"allow":["GET"]}}],"collection":[{"href":"https:\/\/www.oparanews.com.br\/index.php\/wp-json\/wp\/v2\/posts"}],"about":[{"href":"https:\/\/www.oparanews.com.br\/index.php\/wp-json\/wp\/v2\/types\/post"}],"author":[{"embeddable":true,"href":"https:\/\/www.oparanews.com.br\/index.php\/wp-json\/wp\/v2\/users\/1"}],"replies":[{"embeddable":true,"href":"https:\/\/www.oparanews.com.br\/index.php\/wp-json\/wp\/v2\/comments?post=16043"}],"version-history":[{"count":0,"href":"https:\/\/www.oparanews.com.br\/index.php\/wp-json\/wp\/v2\/posts\/16043\/revisions"}],"wp:attachment":[{"href":"https:\/\/www.oparanews.com.br\/index.php\/wp-json\/wp\/v2\/media?parent=16043"}],"wp:term":[{"taxonomy":"category","embeddable":true,"href":"https:\/\/www.oparanews.com.br\/index.php\/wp-json\/wp\/v2\/categories?post=16043"},{"taxonomy":"post_tag","embeddable":true,"href":"https:\/\/www.oparanews.com.br\/index.php\/wp-json\/wp\/v2\/tags?post=16043"}],"curies":[{"name":"wp","href":"https:\/\/api.w.org\/{rel}","templated":true}]}}