{"id":16046,"date":"2021-05-27T11:55:27","date_gmt":"2021-05-27T11:55:27","guid":{"rendered":"https:\/\/oparanews.com.br\/?p=16046"},"modified":"2021-05-27T11:55:27","modified_gmt":"2021-05-27T11:55:27","slug":"oparanews-presente-na-entrega-dos-cartoes-cria-em-penedo","status":"publish","type":"post","link":"https:\/\/www.oparanews.com.br\/index.php\/2021\/05\/27\/oparanews-presente-na-entrega-dos-cartoes-cria-em-penedo\/","title":{"rendered":"OparaNews presente na entrega dos cart\u00f5es CRIA em Penedo"},"content":{"rendered":"<p>A Secretaria Municipal de Desenvolvimento Social e Habita\u00e7\u00e3o (SEMDSH) da Prefeitura de Penedo, juntamente com a Secretaria Estadual de Desenvolvimento Social (SEADES), realizou na Casa de Aposentadoria em Penedo, uma solenidade simb\u00f3lica de entrega dos cart\u00f5es CRIA.<\/p>\n<p>Nosso portal de noticias, OparaNews, esteve presente na solenidade e conversou com os vereadores Val da Banana e Irm\u00e3o Jo\u00e3o, tamb\u00e9m entrevistou o secret\u00e1rio municipal de Desenvolvimento Social e Habita\u00e7\u00e3o, Rafael Ferreira, e com o prefeito de Penedo Ronaldo Lopes.<\/p>\n<p>Ou\u00e7a abaixo as entrevistas:<\/p>\n<p><strong><a href=\"https:\/\/oparanews.com.br\/wp-content\/uploads\/2021\/05\/Sem-t\u00edtulo-213.jpg\"><img loading=\"lazy\" decoding=\"async\" class=\"alignleft size-thumbnail wp-image-16049\" src=\"https:\/\/oparanews.com.br\/wp-content\/uploads\/2021\/05\/Sem-t\u00edtulo-213-150x150.jpg\" alt=\"\" width=\"150\" height=\"150\" \/><\/a>SECRET\u00c1RIO (SEMDSH) &#8211; RAFAEL FERREIRA<\/strong><\/p>\n<audio class=\"wp-audio-shortcode\" id=\"audio-16046-1\" preload=\"none\" style=\"width: 100%;\" controls=\"controls\"><source type=\"audio\/mpeg\" src=\"https:\/\/oparanews.com.br\/wp-content\/uploads\/2021\/05\/RAFAEL-FERREIRA-26.05.2021.mp3?_=1\" \/><a href=\"https:\/\/oparanews.com.br\/wp-content\/uploads\/2021\/05\/RAFAEL-FERREIRA-26.05.2021.mp3\">https:\/\/oparanews.com.br\/wp-content\/uploads\/2021\/05\/RAFAEL-FERREIRA-26.05.2021.mp3<\/a><\/audio>\n<p><strong><a href=\"https:\/\/oparanews.com.br\/wp-content\/uploads\/2021\/05\/IMG-20210526-WA0037.jpg\"><img loading=\"lazy\" decoding=\"async\" class=\"alignleft size-thumbnail wp-image-16051\" src=\"https:\/\/oparanews.com.br\/wp-content\/uploads\/2021\/05\/IMG-20210526-WA0037-150x150.jpg\" alt=\"\" width=\"150\" height=\"150\" \/><\/a>VEREADOR &#8211; IRM\u00c3O JO\u00c3O<\/strong><\/p>\n<audio class=\"wp-audio-shortcode\" id=\"audio-16046-2\" preload=\"none\" style=\"width: 100%;\" controls=\"controls\"><source type=\"audio\/mpeg\" src=\"https:\/\/oparanews.com.br\/wp-content\/uploads\/2021\/05\/VEREADOR-IRMAO-JOAO-26.05.2021.mp3?_=2\" \/><a href=\"https:\/\/oparanews.com.br\/wp-content\/uploads\/2021\/05\/VEREADOR-IRMAO-JOAO-26.05.2021.mp3\">https:\/\/oparanews.com.br\/wp-content\/uploads\/2021\/05\/VEREADOR-IRMAO-JOAO-26.05.2021.mp3<\/a><\/audio>\n<p><strong><a href=\"https:\/\/oparanews.com.br\/wp-content\/uploads\/2021\/05\/IMG-20210526-WA0036.jpg\"><img loading=\"lazy\" decoding=\"async\" class=\"alignleft size-thumbnail wp-image-16050\" src=\"https:\/\/oparanews.com.br\/wp-content\/uploads\/2021\/05\/IMG-20210526-WA0036-150x150.jpg\" alt=\"\" width=\"150\" height=\"150\" \/><\/a>VEREADOR &#8211; VAL DA BANANA<\/strong><\/p>\n<audio class=\"wp-audio-shortcode\" id=\"audio-16046-3\" preload=\"none\" style=\"width: 100%;\" controls=\"controls\"><source type=\"audio\/mpeg\" src=\"https:\/\/oparanews.com.br\/wp-content\/uploads\/2021\/05\/VAL-DA-BANANA-26.05.2021.mp3?_=3\" \/><a href=\"https:\/\/oparanews.com.br\/wp-content\/uploads\/2021\/05\/VAL-DA-BANANA-26.05.2021.mp3\">https:\/\/oparanews.com.br\/wp-content\/uploads\/2021\/05\/VAL-DA-BANANA-26.05.2021.mp3<\/a><\/audio>\n<p><strong><a href=\"https:\/\/oparanews.com.br\/wp-content\/uploads\/2021\/05\/IMG-20210524-WA0103-7.jpg\"><img loading=\"lazy\" decoding=\"async\" class=\"alignleft size-thumbnail wp-image-16052\" src=\"https:\/\/oparanews.com.br\/wp-content\/uploads\/2021\/05\/IMG-20210524-WA0103-7-150x150.jpg\" alt=\"\" width=\"150\" height=\"150\" \/><\/a>PREFEITO DE PENEDO &#8211; RONALDO LOPES<\/strong><\/p>\n<audio class=\"wp-audio-shortcode\" id=\"audio-16046-4\" preload=\"none\" style=\"width: 100%;\" controls=\"controls\"><source type=\"audio\/mpeg\" src=\"https:\/\/oparanews.com.br\/wp-content\/uploads\/2021\/05\/RONALDO-LOPES-25.05.2021.mp3?_=4\" \/><a href=\"https:\/\/oparanews.com.br\/wp-content\/uploads\/2021\/05\/RONALDO-LOPES-25.05.2021.mp3\">https:\/\/oparanews.com.br\/wp-content\/uploads\/2021\/05\/RONALDO-LOPES-25.05.2021.mp3<\/a><\/audio>\n<p>&nbsp;<\/p>\n<p><strong>por Reda\u00e7\u00e3o<\/strong><\/p>\n<p>&nbsp;<\/p>\n","protected":false},"excerpt":{"rendered":"<p>A Secretaria Municipal de Desenvolvimento Social e Habita\u00e7\u00e3o (SEMDSH) da Prefeitura de Penedo, juntamente com a Secretaria Estadual de Desenvolvimento Social (SEADES), realizou na Casa de Aposentadoria em Penedo, uma solenidade simb\u00f3lica de entrega dos cart\u00f5es CRIA. Nosso portal de noticias, OparaNews, esteve presente na solenidade e conversou com os vereadores Val da Banana e &hellip;<\/p>\n","protected":false},"author":1,"featured_media":16047,"comment_status":"closed","ping_status":"closed","sticky":false,"template":"","format":"standard","meta":{"_jetpack_newsletter_access":"","_jetpack_dont_email_post_to_subs":false,"_jetpack_newsletter_tier_id":0,"_jetpack_memberships_contains_paywalled_content":false,"_jetpack_memberships_contains_paid_content":false,"footnotes":""},"categories":[1],"tags":[],"class_list":["post-16046","post","type-post","status-publish","format-standard","has-post-thumbnail","hentry","category-destaque"],"jetpack_sharing_enabled":true,"jetpack_featured_media_url":"","_links":{"self":[{"href":"https:\/\/www.oparanews.com.br\/index.php\/wp-json\/wp\/v2\/posts\/16046","targetHints":{"allow":["GET"]}}],"collection":[{"href":"https:\/\/www.oparanews.com.br\/index.php\/wp-json\/wp\/v2\/posts"}],"about":[{"href":"https:\/\/www.oparanews.com.br\/index.php\/wp-json\/wp\/v2\/types\/post"}],"author":[{"embeddable":true,"href":"https:\/\/www.oparanews.com.br\/index.php\/wp-json\/wp\/v2\/users\/1"}],"replies":[{"embeddable":true,"href":"https:\/\/www.oparanews.com.br\/index.php\/wp-json\/wp\/v2\/comments?post=16046"}],"version-history":[{"count":0,"href":"https:\/\/www.oparanews.com.br\/index.php\/wp-json\/wp\/v2\/posts\/16046\/revisions"}],"wp:attachment":[{"href":"https:\/\/www.oparanews.com.br\/index.php\/wp-json\/wp\/v2\/media?parent=16046"}],"wp:term":[{"taxonomy":"category","embeddable":true,"href":"https:\/\/www.oparanews.com.br\/index.php\/wp-json\/wp\/v2\/categories?post=16046"},{"taxonomy":"post_tag","embeddable":true,"href":"https:\/\/www.oparanews.com.br\/index.php\/wp-json\/wp\/v2\/tags?post=16046"}],"curies":[{"name":"wp","href":"https:\/\/api.w.org\/{rel}","templated":true}]}}