{"id":16055,"date":"2021-05-27T14:37:00","date_gmt":"2021-05-27T14:37:00","guid":{"rendered":"https:\/\/oparanews.com.br\/?p=16055"},"modified":"2021-05-27T14:37:00","modified_gmt":"2021-05-27T14:37:00","slug":"campanha-vacina-solidaria-distribui-uma-tonelada-de-alimentos-em-penedo","status":"publish","type":"post","link":"https:\/\/www.oparanews.com.br\/index.php\/2021\/05\/27\/campanha-vacina-solidaria-distribui-uma-tonelada-de-alimentos-em-penedo\/","title":{"rendered":"Campanha Vacina Solid\u00e1ria distribui uma tonelada de alimentos em Penedo"},"content":{"rendered":"<p>Quatro entidades de assist\u00eancia social situadas em Penedo receberam nesta quarta-feira, 26, os alimentos doados para a campanha Vacina Solid\u00e1ria, uma iniciativa da gest\u00e3o Crescendo Com Seu Povo realizada em parceria com a popula\u00e7\u00e3o e empresas locais.<\/p>\n<p>Lan\u00e7ada pelo Prefeito Ronaldo Lopes no dia 29 de mar\u00e7o, a campanha arrecadou uma tonelada de alimentos n\u00e3o-perec\u00edveis em menos de dois meses, trabalho de ajuda ao pr\u00f3ximo que n\u00e3o para.<\/p>\n<p>O ponto de entrega volunt\u00e1ria dos alimentos \u00e9 a Central de Vacina\u00e7\u00e3o contra Covid, instalada na Escola Estadual Ernani M\u00e9ro, ponto de partida da distribui\u00e7\u00e3o acompanhada pelos Secret\u00e1rios Municipais Guilherme Lopes (Sa\u00fade) e Rafael Ferreira (Desenvolvimento Social).<\/p>\n<p>A Casa de Ranquines foi a primeira a receber os itens compartilhados igualitariamente entre as quatro institui\u00e7\u00f5es de caridade.<\/p>\n<p>O espa\u00e7o localizado na Rua 15 de Novembro, ao lada da Faculdade Raimundo Marinho, \u00e9 mantido por fraternidade religiosa que acolhe pessoas em situa\u00e7\u00e3o de rua.<\/p>\n<p>O Lar Bom Samaritano foi a segunda entidade atendida com os alimentos da Vacina Solid\u00e1ria.<\/p>\n<p>A institui\u00e7\u00e3o situada na zona rural atende dependentes qu\u00edmicos e faz parte de uma rede de acolhimento que tamb\u00e9m necessita de doa\u00e7\u00f5es e trabalho volunt\u00e1rio para continuar funcionando, conforme explicou o di\u00e1cono Edmilson Hora durante a visita.<\/p>\n<p><strong>Campanha solid\u00e1ria<\/strong><\/p>\n<p>A terceira entrega de itens da campanha Vacina Solid\u00e1ria em Penedo aconteceu no Centro Juvenil Irm\u00e3 Auxiliadora, entidade mais conhecida como \u2018da Irm\u00e3 Paola\u2019, religiosa que personifica a assist\u00eancia para fam\u00edlias em situa\u00e7\u00e3o de pobreza que residem na Vila Matias.<\/p>\n<p>O Lar S\u00e3o Jos\u00e9 tamb\u00e9m receber sua cota de alimentos, \u00faltima parada da distribui\u00e7\u00e3o que ter\u00e1 continuidade pela Prefeitura de Penedo e moradores da cidade.<\/p>\n<p>Quem quiser colaborar com a campanha Vacina Solid\u00e1ria, basta levar algum alimento n\u00e3o-perec\u00edvel at\u00e9 a Central de Vacina\u00e7\u00e3o contra Covid. Toda ajuda \u00e9 bem-vinda.<\/p>\n<p>&nbsp;<\/p>\n<p><strong>por Fernando Vin\u00edcius &#8211; Decom PMP<\/strong><\/p>\n<p>&nbsp;<\/p>\n","protected":false},"excerpt":{"rendered":"<p>Quatro entidades de assist\u00eancia social situadas em Penedo receberam nesta quarta-feira, 26, os alimentos doados para a campanha Vacina Solid\u00e1ria, uma iniciativa da gest\u00e3o Crescendo Com Seu Povo realizada em parceria com a popula\u00e7\u00e3o e empresas locais. Lan\u00e7ada pelo Prefeito Ronaldo Lopes no dia 29 de mar\u00e7o, a campanha arrecadou uma tonelada de alimentos n\u00e3o-perec\u00edveis &hellip;<\/p>\n","protected":false},"author":1,"featured_media":16057,"comment_status":"closed","ping_status":"closed","sticky":false,"template":"","format":"standard","meta":{"_jetpack_newsletter_access":"","_jetpack_dont_email_post_to_subs":false,"_jetpack_newsletter_tier_id":0,"_jetpack_memberships_contains_paywalled_content":false,"_jetpack_memberships_contains_paid_content":false,"footnotes":""},"categories":[1],"tags":[],"class_list":["post-16055","post","type-post","status-publish","format-standard","has-post-thumbnail","hentry","category-destaque"],"jetpack_sharing_enabled":true,"jetpack_featured_media_url":"","_links":{"self":[{"href":"https:\/\/www.oparanews.com.br\/index.php\/wp-json\/wp\/v2\/posts\/16055","targetHints":{"allow":["GET"]}}],"collection":[{"href":"https:\/\/www.oparanews.com.br\/index.php\/wp-json\/wp\/v2\/posts"}],"about":[{"href":"https:\/\/www.oparanews.com.br\/index.php\/wp-json\/wp\/v2\/types\/post"}],"author":[{"embeddable":true,"href":"https:\/\/www.oparanews.com.br\/index.php\/wp-json\/wp\/v2\/users\/1"}],"replies":[{"embeddable":true,"href":"https:\/\/www.oparanews.com.br\/index.php\/wp-json\/wp\/v2\/comments?post=16055"}],"version-history":[{"count":0,"href":"https:\/\/www.oparanews.com.br\/index.php\/wp-json\/wp\/v2\/posts\/16055\/revisions"}],"wp:attachment":[{"href":"https:\/\/www.oparanews.com.br\/index.php\/wp-json\/wp\/v2\/media?parent=16055"}],"wp:term":[{"taxonomy":"category","embeddable":true,"href":"https:\/\/www.oparanews.com.br\/index.php\/wp-json\/wp\/v2\/categories?post=16055"},{"taxonomy":"post_tag","embeddable":true,"href":"https:\/\/www.oparanews.com.br\/index.php\/wp-json\/wp\/v2\/tags?post=16055"}],"curies":[{"name":"wp","href":"https:\/\/api.w.org\/{rel}","templated":true}]}}