{"id":16059,"date":"2021-05-27T14:37:43","date_gmt":"2021-05-27T14:37:43","guid":{"rendered":"https:\/\/oparanews.com.br\/?p=16059"},"modified":"2021-05-27T14:37:43","modified_gmt":"2021-05-27T14:37:43","slug":"secretaria-municipal-de-saude-amplia-vacinacao-para-55-anos-em-penedo","status":"publish","type":"post","link":"https:\/\/www.oparanews.com.br\/index.php\/2021\/05\/27\/secretaria-municipal-de-saude-amplia-vacinacao-para-55-anos-em-penedo\/","title":{"rendered":"Secretaria Municipal de Sa\u00fade amplia vacina\u00e7\u00e3o para 55 anos em Penedo"},"content":{"rendered":"<p>A Secretaria Municipal de Sa\u00fade (SEMS) da Prefeitura de Penedo vacina pessoas a partir de 55 anos de idade.<\/p>\n<p>Nesta quinta-feira (27) est\u00e3o sendo vacinados a popula\u00e7\u00e3o com 57 anos, prosseguindo para 56 anos na sexta-feira (28) e 55 anos no s\u00e1bado (29).<\/p>\n<p>A imuniza\u00e7\u00e3o de novas faixas et\u00e1rias abaixo de 60 anos de idade, teve in\u00edcio na ter\u00e7a-feira (25), com pessoas de 59 anos, vacinando na quarta-feira (26) o p\u00fablico-alvo, a partir de 58 anos.<\/p>\n<p>A medida que Penedo recebe novas doses da vacina, a gest\u00e3o Crescendo Com Seu Povo avan\u00e7a na campanha de imuniza\u00e7\u00e3o contra o coronav\u00edrus, incluindo novas faixas et\u00e1rias da popula\u00e7\u00e3o, vacinando dessa forma a popula\u00e7\u00e3o penedense em massa.<\/p>\n<p>J\u00e1 foram vacinados at\u00e9 o momento 14.479 pessoas, mais de 20% da popula\u00e7\u00e3o do munic\u00edpio.<\/p>\n<p>A imuniza\u00e7\u00e3o ocorre na Central de Vacina\u00e7\u00e3o contra Covid-19, que funciona na Escola Estadual Ernani M\u00e9ro, das 7h as 17 horas. As pessoas que fa\u00e7am parte do grupo priorit\u00e1rio a ser imunizado devem levar documento oficial com foto e o cart\u00e3o do SUS.<\/p>\n<p>&nbsp;<\/p>\n<p><strong>por Thiago Sobral &#8211; Decom PMP<\/strong><\/p>\n<p>&nbsp;<\/p>\n","protected":false},"excerpt":{"rendered":"<p>A Secretaria Municipal de Sa\u00fade (SEMS) da Prefeitura de Penedo vacina pessoas a partir de 55 anos de idade. Nesta quinta-feira (27) est\u00e3o sendo vacinados a popula\u00e7\u00e3o com 57 anos, prosseguindo para 56 anos na sexta-feira (28) e 55 anos no s\u00e1bado (29). A imuniza\u00e7\u00e3o de novas faixas et\u00e1rias abaixo de 60 anos de idade, &hellip;<\/p>\n","protected":false},"author":1,"featured_media":16060,"comment_status":"closed","ping_status":"closed","sticky":false,"template":"","format":"standard","meta":{"_jetpack_newsletter_access":"","_jetpack_dont_email_post_to_subs":false,"_jetpack_newsletter_tier_id":0,"_jetpack_memberships_contains_paywalled_content":false,"_jetpack_memberships_contains_paid_content":false,"footnotes":""},"categories":[1],"tags":[],"class_list":["post-16059","post","type-post","status-publish","format-standard","has-post-thumbnail","hentry","category-destaque"],"jetpack_sharing_enabled":true,"jetpack_featured_media_url":"","_links":{"self":[{"href":"https:\/\/www.oparanews.com.br\/index.php\/wp-json\/wp\/v2\/posts\/16059","targetHints":{"allow":["GET"]}}],"collection":[{"href":"https:\/\/www.oparanews.com.br\/index.php\/wp-json\/wp\/v2\/posts"}],"about":[{"href":"https:\/\/www.oparanews.com.br\/index.php\/wp-json\/wp\/v2\/types\/post"}],"author":[{"embeddable":true,"href":"https:\/\/www.oparanews.com.br\/index.php\/wp-json\/wp\/v2\/users\/1"}],"replies":[{"embeddable":true,"href":"https:\/\/www.oparanews.com.br\/index.php\/wp-json\/wp\/v2\/comments?post=16059"}],"version-history":[{"count":0,"href":"https:\/\/www.oparanews.com.br\/index.php\/wp-json\/wp\/v2\/posts\/16059\/revisions"}],"wp:attachment":[{"href":"https:\/\/www.oparanews.com.br\/index.php\/wp-json\/wp\/v2\/media?parent=16059"}],"wp:term":[{"taxonomy":"category","embeddable":true,"href":"https:\/\/www.oparanews.com.br\/index.php\/wp-json\/wp\/v2\/categories?post=16059"},{"taxonomy":"post_tag","embeddable":true,"href":"https:\/\/www.oparanews.com.br\/index.php\/wp-json\/wp\/v2\/tags?post=16059"}],"curies":[{"name":"wp","href":"https:\/\/api.w.org\/{rel}","templated":true}]}}