{"id":16067,"date":"2021-05-27T19:36:26","date_gmt":"2021-05-27T19:36:26","guid":{"rendered":"https:\/\/oparanews.com.br\/?p=16067"},"modified":"2021-05-27T19:36:26","modified_gmt":"2021-05-27T19:36:26","slug":"estado-decreta-fechamento-de-comercio-bares-e-praias-aos-fins-de-semana","status":"publish","type":"post","link":"https:\/\/www.oparanews.com.br\/index.php\/2021\/05\/27\/estado-decreta-fechamento-de-comercio-bares-e-praias-aos-fins-de-semana\/","title":{"rendered":"Estado decreta fechamento de com\u00e9rcio, bares e praias aos fins de semana"},"content":{"rendered":"<p>O governador Renan Filho (MDB) decretou retorno \u00e0s regras mais r\u00edgidas da fase vermelha a partir de 0h desta sexta-feira (28). O principal motivo foi o aumento de interna\u00e7\u00f5es nas UTIs por Covid, que chegou a 92% nesta semana. O novo decreto tem validade at\u00e9 23h59 do dia 10 de junho.<\/p>\n<p>&#8220;Houve um crescimento de quase 25% da ocupa\u00e7\u00e3o dos leitos ao longo de duas semanas. Por isso vamos precisar tomar novas medidas restritivas, para proteger os desavisados, para proteger at\u00e9 aquele que acredita que n\u00e3o vai pegar a forma grave da doen\u00e7a, e, sobretudo, para proteger aquele que est\u00e1 se cuidando&#8221;, afirmou o governador em entrevista coletiva.<\/p>\n<p>Confira as principais mudan\u00e7as nas regras:<\/p>\n<ul>\n<li>lojas do centro &#8211; de 9h \u00e0s 17h, sendo proibido novamente o funcionamento aos s\u00e1bados, domingos, segundas-feiras e feriados<\/li>\n<li>lojas de rua e galerias &#8211; de 10h \u00e0s 18h, sendo proibido novamente o funcionamento aos s\u00e1bados, domingos, segundas-feiras e feriados<\/li>\n<li>shoppings &#8211; de 11h \u00e0s 20h, sendo proibido novamente o funcionamento aos s\u00e1bados, domingos, ter\u00e7as-feiras e feriados<\/li>\n<li>bares e restaurantes &#8211; de 5h \u00e0s 20h, de segunda a sexta. Ap\u00f3s esse hor\u00e1rio e aos s\u00e1bados e domingos e feriados, somente por delivery e pegue &amp; leve<\/li>\n<li>academias e centros de gin\u00e1stica &#8211; das 5h \u00e0s 20h de segunda a sexta-feira, sendo proibido o funcionamento aos s\u00e1bados, domingos e feriados<\/li>\n<li>praias, cal\u00e7ad\u00f5es, lagoas, rios e clubes &#8211; apenas de segunda a sexta-feira, em pequenos grupos ou individualmente, sendo proibida a perman\u00eancia nesses locais aos s\u00e1bados, domingos e feriados<\/li>\n<li>teatros, cinemas e museus &#8211; proibido o funcionamento<\/li>\n<li>restri\u00e7\u00e3o de circula\u00e7\u00e3o &#8211; de 21h \u00e0s 5h, exceto para servi\u00e7os essenciais<\/li>\n<li>espa\u00e7os para pr\u00e1ticas esportivas p\u00fablicos e privados &#8211; podem funcionar, limitados a 25 pessoas, sem a presen\u00e7a de p\u00fablico<\/li>\n<li>visitas ao pres\u00eddio &#8211; permitidas visitas e entrega de alimentos nos pres\u00eddios<\/li>\n<\/ul>\n<p>&#8220;A gente entende que essas decis\u00f5es atrapalham os segmentos econ\u00f4micos, as pessoas precisam trabalhar para sobreviver, mas n\u00f3s temos uma responsabilidade com a vida em Alagoas, disso a gente n\u00e3o vai abrir m\u00e3o. A ci\u00eancia, mais uma vez, tem demonstrado a necessidade de que a gente contenha essas aglomera\u00e7\u00f5es&#8221;, disse o secret\u00e1rio da Sa\u00fade, Alexandre Ayres.<\/p>\n<p>O governador ainda destacou que houve uma discuss\u00e3o interna para que o hor\u00e1rio de fechamento dos bares e restaurantes fosse mais cedo, \u00e0s 16h, mas que ficou acertado manter at\u00e9 mais tarde, com rigor na fiscaliza\u00e7\u00e3o e recebimento de den\u00fancias, em caso de descumprimento das regras.<\/p>\n<p>&#8220;Nessa primeira semana vai ser at\u00e9 20h, mas o segmento ser\u00e1 monitorado para saber se h\u00e1 cumprimento, principalmente por causa das den\u00fancias feitas pela popula\u00e7\u00e3o. O estabelecimento que tiver descumprindo, vai ser fechado e autuado&#8221;, explicou Renan Filho.<\/p>\n<p>&nbsp;<\/p>\n<p><strong>Fonte: G1\/AL<\/strong><\/p>\n<p>&nbsp;<\/p>\n","protected":false},"excerpt":{"rendered":"<p>O governador Renan Filho (MDB) decretou retorno \u00e0s regras mais r\u00edgidas da fase vermelha a partir de 0h desta sexta-feira (28). O principal motivo foi o aumento de interna\u00e7\u00f5es nas UTIs por Covid, que chegou a 92% nesta semana. O novo decreto tem validade at\u00e9 23h59 do dia 10 de junho. &#8220;Houve um crescimento de &hellip;<\/p>\n","protected":false},"author":1,"featured_media":16068,"comment_status":"closed","ping_status":"closed","sticky":false,"template":"","format":"standard","meta":{"_jetpack_newsletter_access":"","_jetpack_dont_email_post_to_subs":false,"_jetpack_newsletter_tier_id":0,"_jetpack_memberships_contains_paywalled_content":false,"_jetpack_memberships_contains_paid_content":false,"footnotes":""},"categories":[1],"tags":[],"class_list":["post-16067","post","type-post","status-publish","format-standard","has-post-thumbnail","hentry","category-destaque"],"jetpack_sharing_enabled":true,"jetpack_featured_media_url":"","_links":{"self":[{"href":"https:\/\/www.oparanews.com.br\/index.php\/wp-json\/wp\/v2\/posts\/16067","targetHints":{"allow":["GET"]}}],"collection":[{"href":"https:\/\/www.oparanews.com.br\/index.php\/wp-json\/wp\/v2\/posts"}],"about":[{"href":"https:\/\/www.oparanews.com.br\/index.php\/wp-json\/wp\/v2\/types\/post"}],"author":[{"embeddable":true,"href":"https:\/\/www.oparanews.com.br\/index.php\/wp-json\/wp\/v2\/users\/1"}],"replies":[{"embeddable":true,"href":"https:\/\/www.oparanews.com.br\/index.php\/wp-json\/wp\/v2\/comments?post=16067"}],"version-history":[{"count":0,"href":"https:\/\/www.oparanews.com.br\/index.php\/wp-json\/wp\/v2\/posts\/16067\/revisions"}],"wp:attachment":[{"href":"https:\/\/www.oparanews.com.br\/index.php\/wp-json\/wp\/v2\/media?parent=16067"}],"wp:term":[{"taxonomy":"category","embeddable":true,"href":"https:\/\/www.oparanews.com.br\/index.php\/wp-json\/wp\/v2\/categories?post=16067"},{"taxonomy":"post_tag","embeddable":true,"href":"https:\/\/www.oparanews.com.br\/index.php\/wp-json\/wp\/v2\/tags?post=16067"}],"curies":[{"name":"wp","href":"https:\/\/api.w.org\/{rel}","templated":true}]}}