{"id":16076,"date":"2021-05-28T02:21:17","date_gmt":"2021-05-28T02:21:17","guid":{"rendered":"https:\/\/oparanews.com.br\/?p=16076"},"modified":"2021-05-28T02:21:17","modified_gmt":"2021-05-28T02:21:17","slug":"disk-denuncia-encerra-festa-clandestina-em-penedo","status":"publish","type":"post","link":"https:\/\/www.oparanews.com.br\/index.php\/2021\/05\/28\/disk-denuncia-encerra-festa-clandestina-em-penedo\/","title":{"rendered":"Disk den\u00fancia encerra festa clandestina em Penedo"},"content":{"rendered":"<p>O Disk den\u00fancia da Secretaria Municipal de Sa\u00fade (SEMS) da Prefeitura de Penedo, que funciona por meio do n\u00famero (82) 991596548, garantiu o encerramento de uma festa clandestina, que ocorria em uma ch\u00e1cara localizada na zona rural do munic\u00edpio.<\/p>\n<p>A festa acontecia com a participa\u00e7\u00e3o de 27 jovens, entre homens e mulheres.<\/p>\n<p>Ao receber a den\u00fancia, uma equipe da SEMS junto com a Vigil\u00e2ncia Sanit\u00e1ria Municipal e a Policia Militar, por meio do 11\u00ba Batalh\u00e3o se dirigiu at\u00e9 o local do fato, onde foi constatado o flagrante de irregularidade.<\/p>\n<p>A realiza\u00e7\u00e3o de festas est\u00e1 proibida pela Fase Vermelha do Protocolo de Distanciamento Social Controlado, que prev\u00ea uma s\u00e9rie de restri\u00e7\u00f5es a serem adotadas pela popula\u00e7\u00e3o.<\/p>\n<p>Ao chegar ao local em que ocorria o evento clandestino, a Vigil\u00e2ncia Sanit\u00e1ria Municipal, com o apoio da Policia Militar realizou a notifica\u00e7\u00e3o aos respons\u00e1veis, assim como o Termo de Inspe\u00e7\u00e3o.<\/p>\n<p>Documentos que ser\u00e3o encaminhado para o Minist\u00e9rio P\u00fablico Estadual para que sejam tomadas as medidas cab\u00edveis com rela\u00e7\u00e3o aos respons\u00e1veis pela infra\u00e7\u00e3o.<\/p>\n<p><strong>Disk den\u00fancia<\/strong><\/p>\n<p>De acordo com o Diretor de Especialidades Medicas da SEMS, Maciel Oliveira, a Secretaria de Sa\u00fade e o setor de Vigil\u00e2ncia Sanit\u00e1ria Municipal ir\u00e3o intensificar o combate a festas clandestinas, com o disk den\u00fancia tendo um papel importante nesse sentido.<\/p>\n<p>O objetivo \u00e9 impedir a realiza\u00e7\u00e3o desse tipo de evento irregular, no momento em que aumentam os casos confirmados de Covid-19 em Penedo, com foco tamb\u00e9m aos finais de semana, per\u00edodo mais propicio para o cometimento dessa irregularidade.<\/p>\n<p>O combate as festas clandestinas acontece tamb\u00e9m em conson\u00e2ncia com as novas medidas adotadas pelo Governador Renan Filho, que pro\u00edbe o acesso a praias, rios e lagos aos finais de semana, assim como pro\u00edbe tamb\u00e9m o funcionamento de bares e restaurantes durante os s\u00e1bados e domingos.<\/p>\n<p>O n\u00famero do Disk den\u00fancia (82) 991596548 funciona apenas por mensagem do aplicativo Whatsapp.<\/p>\n<p>&nbsp;<\/p>\n<p><strong>Fonte: Decom PMP<\/strong><\/p>\n<p><a href=\"https:\/\/oparanews.com.br\/wp-content\/uploads\/2021\/05\/Sem-t\u00edtulo-222.jpg\"><img loading=\"lazy\" decoding=\"async\" class=\"alignleft size-thumbnail wp-image-16078\" src=\"https:\/\/oparanews.com.br\/wp-content\/uploads\/2021\/05\/Sem-t\u00edtulo-222-150x150.jpg\" alt=\"\" width=\"150\" height=\"150\" \/><\/a> <a href=\"https:\/\/oparanews.com.br\/wp-content\/uploads\/2021\/05\/Sem-t\u00edtulo-223.jpg\"><img loading=\"lazy\" decoding=\"async\" class=\"alignleft size-thumbnail wp-image-16079\" src=\"https:\/\/oparanews.com.br\/wp-content\/uploads\/2021\/05\/Sem-t\u00edtulo-223-150x150.jpg\" alt=\"\" width=\"150\" height=\"150\" \/><\/a> <a href=\"https:\/\/oparanews.com.br\/wp-content\/uploads\/2021\/05\/Sem-t\u00edtulo-224.jpg\"><img loading=\"lazy\" decoding=\"async\" class=\"alignleft size-thumbnail wp-image-16080\" src=\"https:\/\/oparanews.com.br\/wp-content\/uploads\/2021\/05\/Sem-t\u00edtulo-224-150x150.jpg\" alt=\"\" width=\"150\" height=\"150\" \/><\/a> <a href=\"https:\/\/oparanews.com.br\/wp-content\/uploads\/2021\/05\/Sem-t\u00edtulo-225.jpg\"><img loading=\"lazy\" decoding=\"async\" class=\"alignleft size-thumbnail wp-image-16081\" src=\"https:\/\/oparanews.com.br\/wp-content\/uploads\/2021\/05\/Sem-t\u00edtulo-225-150x150.jpg\" alt=\"\" width=\"150\" height=\"150\" \/><\/a><\/p>\n<p>&nbsp;<\/p>\n<p>&nbsp;<\/p>\n<p>&nbsp;<\/p>\n","protected":false},"excerpt":{"rendered":"<p>O Disk den\u00fancia da Secretaria Municipal de Sa\u00fade (SEMS) da Prefeitura de Penedo, que funciona por meio do n\u00famero (82) 991596548, garantiu o encerramento de uma festa clandestina, que ocorria em uma ch\u00e1cara localizada na zona rural do munic\u00edpio. A festa acontecia com a participa\u00e7\u00e3o de 27 jovens, entre homens e mulheres. Ao receber a &hellip;<\/p>\n","protected":false},"author":1,"featured_media":16077,"comment_status":"closed","ping_status":"closed","sticky":false,"template":"","format":"standard","meta":{"_jetpack_newsletter_access":"","_jetpack_dont_email_post_to_subs":false,"_jetpack_newsletter_tier_id":0,"_jetpack_memberships_contains_paywalled_content":false,"_jetpack_memberships_contains_paid_content":false,"footnotes":""},"categories":[1],"tags":[],"class_list":["post-16076","post","type-post","status-publish","format-standard","has-post-thumbnail","hentry","category-destaque"],"jetpack_sharing_enabled":true,"jetpack_featured_media_url":"","_links":{"self":[{"href":"https:\/\/www.oparanews.com.br\/index.php\/wp-json\/wp\/v2\/posts\/16076","targetHints":{"allow":["GET"]}}],"collection":[{"href":"https:\/\/www.oparanews.com.br\/index.php\/wp-json\/wp\/v2\/posts"}],"about":[{"href":"https:\/\/www.oparanews.com.br\/index.php\/wp-json\/wp\/v2\/types\/post"}],"author":[{"embeddable":true,"href":"https:\/\/www.oparanews.com.br\/index.php\/wp-json\/wp\/v2\/users\/1"}],"replies":[{"embeddable":true,"href":"https:\/\/www.oparanews.com.br\/index.php\/wp-json\/wp\/v2\/comments?post=16076"}],"version-history":[{"count":0,"href":"https:\/\/www.oparanews.com.br\/index.php\/wp-json\/wp\/v2\/posts\/16076\/revisions"}],"wp:attachment":[{"href":"https:\/\/www.oparanews.com.br\/index.php\/wp-json\/wp\/v2\/media?parent=16076"}],"wp:term":[{"taxonomy":"category","embeddable":true,"href":"https:\/\/www.oparanews.com.br\/index.php\/wp-json\/wp\/v2\/categories?post=16076"},{"taxonomy":"post_tag","embeddable":true,"href":"https:\/\/www.oparanews.com.br\/index.php\/wp-json\/wp\/v2\/tags?post=16076"}],"curies":[{"name":"wp","href":"https:\/\/api.w.org\/{rel}","templated":true}]}}