{"id":16086,"date":"2021-05-29T00:23:44","date_gmt":"2021-05-29T00:23:44","guid":{"rendered":"https:\/\/oparanews.com.br\/?p=16086"},"modified":"2021-05-29T00:23:44","modified_gmt":"2021-05-29T00:23:44","slug":"prefeitura-de-penedo-atualiza-decreto-sobre-a-fase-vermelha-no-municipio","status":"publish","type":"post","link":"https:\/\/www.oparanews.com.br\/index.php\/2021\/05\/29\/prefeitura-de-penedo-atualiza-decreto-sobre-a-fase-vermelha-no-municipio\/","title":{"rendered":"Prefeitura de Penedo atualiza decreto sobre a Fase Vermelha no munic\u00edpio"},"content":{"rendered":"<p>A Prefeitura de Penedo publicou no Di\u00e1rio Oficial do Munic\u00edpio, Portaria do Gabinete de Gerenciamento de Crise (CGC), sobre as mudan\u00e7as no Protocolo Sanit\u00e1rio do munic\u00edpio, devido ao aumento dos casos de Covid-19.<\/p>\n<p>A portaria assinada pelo Presidente do CGC e Secret\u00e1rio Municipal de Sa\u00fade, Guilherme Lopes, considera os dados epidemiol\u00f3gicos do munic\u00edpio, que mostram uma taxa de ocupa\u00e7\u00e3o nos leitos de UTI que chegam a 92%.<\/p>\n<p>As mudan\u00e7as seguem o Decreto Estadual assinado pelo Governador Renan Filho, que mant\u00e9m todo o Estado de Alagoas na Fase Vermelha do Protocolo de Distanciamento Social Controlado, por\u00e9m com mais rigidez nas restri\u00e7\u00f5es impostas.<\/p>\n<p>Entre as mudan\u00e7as est\u00e1 a volta do hor\u00e1rio de restri\u00e7\u00e3o de circula\u00e7\u00e3o para 21h, j\u00e1 que anteriormente havia ocorrido a flexibiliza\u00e7\u00e3o at\u00e9 as 22h.<\/p>\n<p>Tamb\u00e9m volta a proibi\u00e7\u00e3o do com\u00e9rcio funcionar aos finais de semana, segundas-feiras e feriados, assim como o funcionamento de bares e restaurantes ser\u00e1 restrito aos dias de semana, com exce\u00e7\u00e3o das segundas e sextas-feiras .<\/p>\n<p>Outra mudan\u00e7a \u00e9 o retorno da proibi\u00e7\u00e3o da venda de produtos que n\u00e3o sejam g\u00eaneros aliment\u00edcios nas feiras livres do munic\u00edpio, do Centro da cidade e do Bairro Santa Luzia, devendo a Secretaria Municipal de Abastecimento e Desenvolvimento Agr\u00edcola reorganizar as feiras livres para promover o distanciamento social necess\u00e1rio.<\/p>\n<p>A portaria do Gabinete de Gerenciamento de Crise pode ser visualizada por meio do seguinte<a href=\"https:\/\/penedo.al.gov.br\/wp-content\/uploads\/2021\/05\/Portaria-CGC-04.2021-para-Publicacao.pdf\"><strong> link<\/strong><\/a>.<\/p>\n<p>&nbsp;<\/p>\n<p><strong>por Thiago Sobral &#8211; Decom PMP<\/strong><\/p>\n<p>&nbsp;<\/p>\n","protected":false},"excerpt":{"rendered":"<p>A Prefeitura de Penedo publicou no Di\u00e1rio Oficial do Munic\u00edpio, Portaria do Gabinete de Gerenciamento de Crise (CGC), sobre as mudan\u00e7as no Protocolo Sanit\u00e1rio do munic\u00edpio, devido ao aumento dos casos de Covid-19. A portaria assinada pelo Presidente do CGC e Secret\u00e1rio Municipal de Sa\u00fade, Guilherme Lopes, considera os dados epidemiol\u00f3gicos do munic\u00edpio, que mostram &hellip;<\/p>\n","protected":false},"author":1,"featured_media":16087,"comment_status":"closed","ping_status":"closed","sticky":false,"template":"","format":"standard","meta":{"_jetpack_newsletter_access":"","_jetpack_dont_email_post_to_subs":false,"_jetpack_newsletter_tier_id":0,"_jetpack_memberships_contains_paywalled_content":false,"_jetpack_memberships_contains_paid_content":false,"footnotes":""},"categories":[1],"tags":[],"class_list":["post-16086","post","type-post","status-publish","format-standard","has-post-thumbnail","hentry","category-destaque"],"jetpack_sharing_enabled":true,"jetpack_featured_media_url":"","_links":{"self":[{"href":"https:\/\/www.oparanews.com.br\/index.php\/wp-json\/wp\/v2\/posts\/16086","targetHints":{"allow":["GET"]}}],"collection":[{"href":"https:\/\/www.oparanews.com.br\/index.php\/wp-json\/wp\/v2\/posts"}],"about":[{"href":"https:\/\/www.oparanews.com.br\/index.php\/wp-json\/wp\/v2\/types\/post"}],"author":[{"embeddable":true,"href":"https:\/\/www.oparanews.com.br\/index.php\/wp-json\/wp\/v2\/users\/1"}],"replies":[{"embeddable":true,"href":"https:\/\/www.oparanews.com.br\/index.php\/wp-json\/wp\/v2\/comments?post=16086"}],"version-history":[{"count":0,"href":"https:\/\/www.oparanews.com.br\/index.php\/wp-json\/wp\/v2\/posts\/16086\/revisions"}],"wp:attachment":[{"href":"https:\/\/www.oparanews.com.br\/index.php\/wp-json\/wp\/v2\/media?parent=16086"}],"wp:term":[{"taxonomy":"category","embeddable":true,"href":"https:\/\/www.oparanews.com.br\/index.php\/wp-json\/wp\/v2\/categories?post=16086"},{"taxonomy":"post_tag","embeddable":true,"href":"https:\/\/www.oparanews.com.br\/index.php\/wp-json\/wp\/v2\/tags?post=16086"}],"curies":[{"name":"wp","href":"https:\/\/api.w.org\/{rel}","templated":true}]}}