{"id":16089,"date":"2021-05-29T00:26:36","date_gmt":"2021-05-29T00:26:36","guid":{"rendered":"https:\/\/oparanews.com.br\/?p=16089"},"modified":"2021-05-29T00:26:36","modified_gmt":"2021-05-29T00:26:36","slug":"vai-comecar-a-serie-b-do-campeonato-brasileiro-de-2021-e-o-csa-encara-o-nautico-no-recife","status":"publish","type":"post","link":"https:\/\/www.oparanews.com.br\/index.php\/2021\/05\/29\/vai-comecar-a-serie-b-do-campeonato-brasileiro-de-2021-e-o-csa-encara-o-nautico-no-recife\/","title":{"rendered":"VA\u00cd COME\u00c7AR A S\u00c9RIE B DO CAMPEONATO BRASILEIRO DE 2021, E O CSA ENCARA O N\u00c1UTICO NO RECIFE"},"content":{"rendered":"<p>Com o t\u00edtulo alagoano na bagagem, o CSA d\u00e1 in\u00edcio \u00e0 sua caminhada na S\u00e9rie B, nesta sexta (28). No Recife, o Azul\u00e3o enfrenta o N\u00e1utico, \u00e0s 21h30, no Est\u00e1dio dos Aflitos. Com o objetivo de conquistar o acesso para a S\u00e9rie A, o time azulino come\u00e7a a competi\u00e7\u00e3o no mesmo lugar que terminou com a frustra\u00e7\u00e3o do 5\u00ba lugar na \u00faltima edi\u00e7\u00e3o do Brasileir\u00e3o.<\/p>\n<p>O momento do CSA n\u00e3o poderia ser melhor. No \u00faltimo s\u00e1bado (22), foi campe\u00e3o estadual em cima do maior rival, nos p\u00eanaltis, e entra motivado na S\u00e9rie B. Come\u00e7ar o campeonato bem \u00e9 fundamental para n\u00e3o bater na trave como em 2020, quando perdeu o acesso na \u00faltima rodada. Na 38\u00aa rodada, o advers\u00e1rio tamb\u00e9m foi o N\u00e1utico, no Recife. O empate de 1 a 1 manteve os alagoanos na B.<\/p>\n<p>O N\u00e1utico tamb\u00e9m vive um \u00f3timo momento. Foi campe\u00e3o pernambucano no \u00faltimo domingo (23), em cima do Sport, nos p\u00eanaltis, e, tamb\u00e9m, vem embalado para a estreia no Brasileir\u00e3o. Ap\u00f3s uma campanha fraca em 2020, quando lutou para n\u00e3o ser rebaixado para a S\u00e9rie C, o time de H\u00e9lio dos Anjos quer brigar para voltar \u00e0 S\u00e9rie A, que n\u00e3o joga desde 2013.<\/p>\n<p>CSA<\/p>\n<p>A equipe de Bruno Pivetti tem seu foco 100% voltado para a S\u00e9rie B, a partir de agora. Eliminado da Copa do Brasil, o CSA s\u00f3 tem pela frente o Brasileir\u00e3o neste final de primeiro semestre. Com isso, o clube est\u00e1 determinado a conquistar o principal objetivo do ano: o acesso \u00e0 elite do futebol brasileiro.<\/p>\n<p>Para sua estreia na competi\u00e7\u00e3o, Pivetti ter\u00e1 alguns desfalques importantes. O volante Geovane e os meias Bruno Mota e Gabriel n\u00e3o viajaram com o time. Enquanto o volante est\u00e1 suspenso por uma expuls\u00e3o na elimina\u00e7\u00e3o na Copa do Brasil contra o Remo, Bruno Mota e Gabriel ficam de fora pelo desgaste f\u00edsico da reta final do Estadual.<\/p>\n<p>O artilheiro Dellatorre \u00e9 d\u00favida. O atacante sofreu uma pancada nas costas no primeiro jogo da final do Alagoano que o tirou da partida decisiva. Durante a semana, passou por tratamento intensivo para estar \u00e0 disposi\u00e7\u00e3o. Ap\u00f3s o t\u00edtulo, Dellatorre explicou sua les\u00e3o.<\/p>\n<p>\u201cFoi uma contratura, gra\u00e7as a Deus n\u00e3o fraturou nada, mas o corpo reagiu de uma forma que prendeu, segurou, contraiu bastante a musculatura. Eu tentei treinar, n\u00e3o consegui. \u00c9 ter tranquilidade e cabe\u00e7a boa, porque sexta-feira tem a nossa estreia\u201d, disse, em entrevista a Warner Oliveira, do Tima\u00e7o da 98,3FM.<\/p>\n<p>Iury deve substituir Dellatorre, caso o atacante n\u00e3o jogue. Sem seu meio de campo titular, Pivetti deve escalar Gabriel Tonini, Silas e Nadson na faixa intermedi\u00e1ria de campo<\/p>\n<p>O prov\u00e1vel time do CSA \u00e9: Thiago Rodrigues; Norberto, Matheus Felipe, Luc\u00e3o e Vitor Costa; Gabriel Tonini, Silas, Nadson; Aylon, Marco T\u00falio e Iury (Dellatorre).<\/p>\n<p>N\u00c1UTICO<\/p>\n<p>Marcado inicialmente para o Est\u00e1dio dos Aflitos, o N\u00e1utico se viu, por um momento, obrigado a jogar \u201cfora de casa\u201d, mesmo que no Recife. Sem alguns dos laudos prontos, a CBF decidiu tirar a partida dos Aflitos e marcar para a Arena Pernambuco. Por\u00e9m, nessa quinta (27), o Timbu conseguiu os laudos, e o encontro entre pernambucanos e alagoanos voltou aos Aflitos<\/p>\n<p>Para a estreia, H\u00e9lio dos Anjos tem uma dor de cabe\u00e7a para montar seu meio de campo. Destaque do time nesta temporada, o volante Rhaldney sofre com dores nas costas e n\u00e3o tem presen\u00e7a garantida na equipe. Caso fique de fora, H\u00e9lio tem tr\u00eas op\u00e7\u00f5es para a posi\u00e7\u00e3o: Luiz Henrique, Marciel e Matheus Trindade.<\/p>\n<p>A prov\u00e1vel escala\u00e7\u00e3o do Timbu \u00e9: Alex Alves, Hereda, Camutanga, Wagner Leonardo, Bryan; Marciel (Rhaldney), Djavan, Jean Carlos; Erick, Kieza e Vinicius.<\/p>\n<p>ARBITRAGEM<\/p>\n<p>A estreia das duas equipes ser\u00e1 comandada por um trio baiano. Emerson Ricardo de Almeida Andrade (CBF) ser\u00e1 o \u00e1rbitro principal. Ele ser\u00e1 auxiliado por Paulo de Tarso Bregalda Gussen (CBF) e Daniella Coutinho Pinto (CBF). O quarto \u00e1rbitro ser\u00e1 o pernambucano Cesar Pereira Leite (CBF).<\/p>\n","protected":false},"excerpt":{"rendered":"<p>Com o t\u00edtulo alagoano na bagagem, o CSA d\u00e1 in\u00edcio \u00e0 sua caminhada na S\u00e9rie B, nesta sexta (28). No Recife, o Azul\u00e3o enfrenta o N\u00e1utico, \u00e0s 21h30, no Est\u00e1dio dos Aflitos. Com o objetivo de conquistar o acesso para a S\u00e9rie A, o time azulino come\u00e7a a competi\u00e7\u00e3o no mesmo lugar que terminou com &hellip;<\/p>\n","protected":false},"author":1,"featured_media":2628,"comment_status":"closed","ping_status":"closed","sticky":false,"template":"","format":"standard","meta":{"_jetpack_newsletter_access":"","_jetpack_dont_email_post_to_subs":false,"_jetpack_newsletter_tier_id":0,"_jetpack_memberships_contains_paywalled_content":false,"_jetpack_memberships_contains_paid_content":false,"footnotes":""},"categories":[1],"tags":[],"class_list":["post-16089","post","type-post","status-publish","format-standard","has-post-thumbnail","hentry","category-destaque"],"jetpack_sharing_enabled":true,"jetpack_featured_media_url":"","_links":{"self":[{"href":"https:\/\/www.oparanews.com.br\/index.php\/wp-json\/wp\/v2\/posts\/16089","targetHints":{"allow":["GET"]}}],"collection":[{"href":"https:\/\/www.oparanews.com.br\/index.php\/wp-json\/wp\/v2\/posts"}],"about":[{"href":"https:\/\/www.oparanews.com.br\/index.php\/wp-json\/wp\/v2\/types\/post"}],"author":[{"embeddable":true,"href":"https:\/\/www.oparanews.com.br\/index.php\/wp-json\/wp\/v2\/users\/1"}],"replies":[{"embeddable":true,"href":"https:\/\/www.oparanews.com.br\/index.php\/wp-json\/wp\/v2\/comments?post=16089"}],"version-history":[{"count":0,"href":"https:\/\/www.oparanews.com.br\/index.php\/wp-json\/wp\/v2\/posts\/16089\/revisions"}],"wp:attachment":[{"href":"https:\/\/www.oparanews.com.br\/index.php\/wp-json\/wp\/v2\/media?parent=16089"}],"wp:term":[{"taxonomy":"category","embeddable":true,"href":"https:\/\/www.oparanews.com.br\/index.php\/wp-json\/wp\/v2\/categories?post=16089"},{"taxonomy":"post_tag","embeddable":true,"href":"https:\/\/www.oparanews.com.br\/index.php\/wp-json\/wp\/v2\/tags?post=16089"}],"curies":[{"name":"wp","href":"https:\/\/api.w.org\/{rel}","templated":true}]}}